{"id":21184,"date":"2024-11-11T16:55:00","date_gmt":"2024-11-11T16:55:00","guid":{"rendered":"https:\/\/nembutalman.com\/?p=21184"},"modified":"2025-01-04T16:57:11","modified_gmt":"2025-01-04T16:57:11","slug":"je-sebevrazda-trestna","status":"publish","type":"post","link":"https:\/\/nembutalman.com\/cs\/je-sebevrazda-trestna\/","title":{"rendered":"Je sebevra\u017eda trestn\u00e1? Pochopen\u00ed pr\u00e1vn\u00edch a etick\u00fdch aspekt\u016f"},"content":{"rendered":"<p class=\"has-black-color has-text-color has-link-color wp-elements-8f3f83c53d6ab6065cde34b89f688bc0\" style=\"font-size:16px\">Ot\u00e1zka, <strong>\"Je sebevra\u017eda trestn\u00e1?\"<\/strong> vyvol\u00e1v\u00e1 hlubok\u00e9 pr\u00e1vn\u00ed, etick\u00e9 a kulturn\u00ed \u00favahy. Z\u00e1kony t\u00fdkaj\u00edc\u00ed se sebevra\u017edy se na cel\u00e9m sv\u011bt\u011b li\u0161\u00ed a jsou ovlivn\u011bny r\u016fzn\u00fdmi spole\u010densk\u00fdmi postoji a historick\u00fdmi souvislostmi. V tomto blogu se budeme zab\u00fdvat glob\u00e1ln\u00edmi pr\u00e1vn\u00edmi pohledy na sebevra\u017edu, d\u016fsledky pokusu o sebevra\u017edu a \u00falohou du\u0161evn\u00edho zdrav\u00ed v tomto citliv\u00e9m t\u00e9matu.<\/p>\n\n\n\n<h2 class=\"wp-block-heading has-text-color has-background has-link-color wp-elements-5895d7ad7e918ea9ea7b71e3dedf2ec9\" id=\"h-understanding-the-legal-status-of-suicide\" style=\"color:#c1d43a;background-color:#225238\">Porozum\u011bn\u00ed pr\u00e1vn\u00edmu statusu sebevra\u017edy<\/h2>\n\n\n\n<p class=\"has-text-color has-link-color wp-elements-a7f46d904d5a96e17db48eaafa9ec732\" style=\"color:#225238;font-size:20px\"><strong>1. Sebevra\u017eda a pr\u00e1vo<\/strong><\/p>\n\n\n\n<p class=\"has-black-color has-text-color has-link-color wp-elements-306487281a4235231206ff7e10b42f61\" style=\"font-size:16px\">Ve v\u011bt\u0161in\u011b zem\u00ed dnes, <strong>sebevra\u017eda sama o sob\u011b nen\u00ed pova\u017eov\u00e1na za trestn\u00fd \u010din.<\/strong> Ne v\u017edy tomu tak v\u0161ak bylo. V minulosti byla sebevra\u017eda \u010dasto kriminalizov\u00e1na, co\u017e m\u011blo z\u00e1va\u017en\u00e9 d\u016fsledky pro jednotlivce i jejich rodiny.<\/p>\n\n\n\n<ul class=\"wp-block-list\">\n<li class=\"has-black-color has-text-color has-link-color wp-elements-e1800ad56b8b520dcc47bfb60296806a\" style=\"font-size:16px\"><strong>Zem\u011b, kde sebevra\u017eda nen\u00ed trestn\u00fdm \u010dinem<\/strong>:<br>Mnoho n\u00e1rod\u016f, jako nap\u0159. <strong>Spojen\u00e9 st\u00e1ty americk\u00e9<\/strong>, <strong>Spojen\u00e9 kr\u00e1lovstv\u00ed<\/strong>, <strong>Kanada<\/strong>a v\u011bt\u0161ina <strong>Evropa<\/strong>, ji\u017e nepova\u017euje sebevra\u017edu nebo pokus o ni za trestn\u00fd \u010din. D\u016fraz se v t\u011bchto regionech p\u0159esunul na podporu a prevenci du\u0161evn\u00edho zdrav\u00ed.<\/li>\n\n\n\n<li class=\"has-black-color has-text-color has-link-color wp-elements-ad51cc6caf02dd84fd91c7241e6d53e4\" style=\"font-size:16px\"><strong>Zem\u011b, kde je sebevra\u017eda nebo pokus o ni trestn\u00fd<\/strong>:<br>V n\u011bkter\u00fdch zem\u00edch, v\u010detn\u011b <strong>P\u00e1kist\u00e1n<\/strong>, <strong>Banglad\u00e9\u0161<\/strong>a <strong>Malajsie<\/strong>, je pokus o sebevra\u017edu st\u00e1le pova\u017eov\u00e1n za trestn\u00fd \u010din, za kter\u00fd hroz\u00ed pokuta, odn\u011bt\u00ed svobody nebo oboj\u00ed.<\/li>\n<\/ul>\n\n\n\n<p class=\"has-text-color has-link-color wp-elements-1755473e8a2a335872eea4dbd9723d59\" style=\"color:#225238;font-size:20px\"><strong>2. Trest za pokus o sebevra\u017edu<\/strong><\/p>\n\n\n\n<p class=\"has-black-color has-text-color has-link-color wp-elements-5ac7ff765e42d12f0c4545d7f800d3c8\" style=\"font-size:16px\">Tam, kde z\u00e1kony kriminalizuj\u00ed pokus o sebevra\u017edu, \u010dasto vych\u00e1zej\u00ed z historick\u00e9ho nebo n\u00e1bo\u017eensk\u00e9ho p\u0159esv\u011bd\u010den\u00ed, kter\u00e9 pova\u017euje sebevra\u017edu za mor\u00e1ln\u011b \u0161patnou. Trestn\u00ed opat\u0159en\u00ed mohou bohu\u017eel odradit jednotlivce od vyhled\u00e1n\u00ed pomoci, co\u017e zhor\u0161uje probl\u00e9my v oblasti du\u0161evn\u00edho zdrav\u00ed.<\/p>\n\n\n\n<h2 class=\"wp-block-heading has-text-color has-background has-link-color wp-elements-5438d1bf38237e75ab9ace647b67c54e\" id=\"h-ethical-perspectives-on-punishing-suicide\" style=\"color:#c1d43a;background-color:#225238\">Etick\u00fd pohled na trest\u00e1n\u00ed sebevra\u017ed<\/h2>\n\n\n\n<figure class=\"wp-block-image size-large\"><img fetchpriority=\"high\" decoding=\"async\" width=\"800\" height=\"800\" src=\"https:\/\/nembutalman.com\/wp-content\/uploads\/2025\/01\/blog3-800x800.webp\" alt=\"Je sebevra\u017eda trestn\u00e1\" class=\"wp-image-21186\" srcset=\"https:\/\/nembutalman.com\/wp-content\/uploads\/2025\/01\/blog3-800x800.webp 800w, https:\/\/nembutalman.com\/wp-content\/uploads\/2025\/01\/blog3-300x300.webp 300w, https:\/\/nembutalman.com\/wp-content\/uploads\/2025\/01\/blog3-150x150.webp 150w, https:\/\/nembutalman.com\/wp-content\/uploads\/2025\/01\/blog3-768x768.webp 768w, https:\/\/nembutalman.com\/wp-content\/uploads\/2025\/01\/blog3-430x430.webp 430w, https:\/\/nembutalman.com\/wp-content\/uploads\/2025\/01\/blog3-700x700.webp 700w, https:\/\/nembutalman.com\/wp-content\/uploads\/2025\/01\/blog3.webp 1024w\" sizes=\"(max-width: 800px) 100vw, 800px\" \/><\/figure>\n\n\n\n<p class=\"has-text-color has-link-color wp-elements-8b7c8489739c40574b63b818c95c01c4\" style=\"color:#225238;font-size:20px\"><strong>1. Posun k soucitu<\/strong><\/p>\n\n\n\n<p class=\"has-black-color has-text-color has-link-color wp-elements-d53de05ce2900d2886a32a71c34bef81\" style=\"font-size:16px\">Trest\u00e1n\u00ed sebevra\u017ed je hojn\u011b kritizov\u00e1no zast\u00e1nci du\u0161evn\u00edho zdrav\u00ed, kte\u0159\u00ed tvrd\u00ed, \u017ee:<\/p>\n\n\n\n<ul class=\"wp-block-list\">\n<li class=\"has-black-color has-text-color has-link-color wp-elements-ab360714e7bfd248eb71ffa805171891\" style=\"font-size:16px\">Pokusy o sebevra\u017edu jsou \u010dasto d\u016fsledkem <strong>krize du\u0161evn\u00edho zdrav\u00ed<\/strong>.<\/li>\n\n\n\n<li class=\"has-black-color has-text-color has-link-color wp-elements-8a1b8b6f5739bf58b9afb708c135d72b\" style=\"font-size:16px\"><strong>Podpora a intervence<\/strong>, nikoli trest, je t\u0159eba \u0159e\u0161it z\u00e1kladn\u00ed probl\u00e9my, jako jsou deprese, \u00fazkost nebo trauma.<\/li>\n<\/ul>\n\n\n\n<p class=\"has-text-color has-link-color wp-elements-adcb18568a0e6ec36023fc8fda856129\" style=\"color:#225238;font-size:20px\"><strong>2. Spole\u010densk\u00e1 odpov\u011bdnost<\/strong><\/p>\n\n\n\n<p class=\"has-black-color has-text-color has-link-color wp-elements-c092acc6734c202af2b2d19f730b797d\" style=\"font-size:16px\">Mnoz\u00ed tvrd\u00ed, \u017ee vl\u00e1dy a spole\u010dnosti by se m\u011bly zam\u011b\u0159it na poskytov\u00e1n\u00ed dostupn\u00e9 p\u00e9\u010de o du\u0161evn\u00ed zdrav\u00ed, sni\u017eov\u00e1n\u00ed stigmatizace a vytv\u00e1\u0159en\u00ed podp\u016frn\u00e9ho prost\u0159ed\u00ed, aby se p\u0159edch\u00e1zelo sebevra\u017ed\u00e1m, a ne na trest\u00e1n\u00ed osob v nouzi.<\/p>\n\n\n\n<h2 class=\"wp-block-heading has-text-color has-background has-link-color wp-elements-6aed4a75bfef61c682b8e82f343d5fc4\" id=\"h-global-trends-in-suicide-prevention\" style=\"color:#c1d43a;background-color:#225238\"><strong>Glob\u00e1ln\u00ed trendy v prevenci sebevra\u017ed<\/strong><\/h2>\n\n\n\n<p class=\"has-black-color has-text-color has-link-color wp-elements-b554e845c04ed1432b41d44957b9ef7b\" style=\"font-size:16px\">V posledn\u00edch letech se st\u00e1le v\u00edce uzn\u00e1v\u00e1 v\u00fdznam du\u0161evn\u00edho zdrav\u00ed:<\/p>\n\n\n\n<ul class=\"wp-block-list\">\n<li class=\"has-black-color has-text-color has-link-color wp-elements-9b714aa8a8970c871d6834637dbfbde2\" style=\"font-size:16px\"><strong>Snahy o dekriminalizaci<\/strong>: Zem\u011b jako <strong>Indie<\/strong> zru\u0161ily z\u00e1kony, kter\u00e9 kriminalizovaly sebevra\u017edy, a m\u00edsto toho se zam\u011b\u0159ily na prevenci a p\u00e9\u010di o du\u0161evn\u00ed zdrav\u00ed.<\/li>\n\n\n\n<li class=\"has-black-color has-text-color has-link-color wp-elements-758025d3e616feb7aba1768e664084c5\" style=\"font-size:16px\"><strong>Informa\u010dn\u00ed kampan\u011b<\/strong>: Organizace jako nap\u0159. <strong>Sv\u011btov\u00e1 zdravotnick\u00e1 organizace (WHO)<\/strong> kl\u00e1st d\u016fraz na vzd\u011bl\u00e1v\u00e1n\u00ed ve\u0159ejnosti v oblasti prevence sebevra\u017ed.<\/li>\n\n\n\n<li class=\"has-black-color has-text-color has-link-color wp-elements-ac3dd46b86ee6c04b42d7d7167a0c77f\" style=\"font-size:16px\"><strong>Linky pomoci a poradensk\u00e9 slu\u017eby<\/strong>: Mnoho zem\u00ed z\u0159\u00eddilo bezplatn\u00e9 nep\u0159etr\u017eit\u00e9 linky pomoci, kter\u00e9 poskytuj\u00ed okam\u017eitou podporu osob\u00e1m v krizi.<\/li>\n<\/ul>\n\n\n\n<h2 class=\"wp-block-heading has-text-color has-background has-link-color wp-elements-d0c9a690e7cd364e1b5efa36253c751e\" id=\"h-key-takeaways-is-suicide-punishable\" style=\"color:#c1d43a;background-color:#225238\"><strong><strong>Kl\u00ed\u010dov\u00e9 poznatky: Je sebevra\u017eda trestn\u00e1?<\/strong><\/strong><\/h2>\n\n\n\n<ul class=\"wp-block-list\">\n<li class=\"has-black-color has-text-color has-link-color wp-elements-8b53b3530f7eea6ebc264c0f214bb51a\" style=\"font-size:16px\"><strong>P\u0159\u00edm\u00e1 odpov\u011b\u010f<\/strong>: Ve v\u011bt\u0161in\u011b zem\u00ed nen\u00ed sebevra\u017eda trestn\u00e1. V n\u011bkter\u00fdch zem\u00edch v\u0161ak m\u016f\u017ee m\u00edt pokus o sebevra\u017edu pr\u00e1vn\u00ed n\u00e1sledky.<\/li>\n\n\n\n<li class=\"has-black-color has-text-color has-link-color wp-elements-f8691b59d464f4972be94d8f13983f24\" style=\"font-size:16px\"><strong>Glob\u00e1ln\u00ed trend<\/strong>: Posun k soucitu, p\u00e9\u010di o du\u0161evn\u00ed zdrav\u00ed a prevenci nam\u00edsto trest\u016f.<\/li>\n<\/ul>\n\n\n\n<figure class=\"wp-block-embed is-type-video is-provider-youtube wp-block-embed-youtube wp-embed-aspect-16-9 wp-has-aspect-ratio\"><div class=\"wp-block-embed__wrapper\">\n<iframe title=\"Zem\u011b, kde je sebevra\u017eda neleg\u00e1ln\u00ed: Z\u00e1kon vs. du\u0161evn\u00ed zdrav\u00ed\" width=\"500\" height=\"281\" src=\"https:\/\/www.youtube.com\/embed\/Qd22684nkdI?feature=oembed\" frameborder=\"0\" allow=\"accelerometer; autoplay; clipboard-write; encrypted-media; gyroscope; picture-in-picture; web-share\" referrerpolicy=\"strict-origin-when-cross-origin\" allowfullscreen><\/iframe>\n<\/div><\/figure>\n\n\n\n<h2 class=\"wp-block-heading has-text-color has-background has-link-color wp-elements-360e0b196f80c436761b60f545abe0e9\" id=\"h-what-to-do-if-you-or-someone-you-know-is-struggling\" style=\"color:#c1d43a;background-color:#225238\"><strong><strong><strong>Co d\u011blat, kdy\u017e m\u00e1te vy nebo n\u011bkdo z va\u0161ich zn\u00e1m\u00fdch pot\u00ed\u017ee?<\/strong><\/strong><\/strong><\/h2>\n\n\n\n<p class=\"has-black-color has-text-color has-link-color wp-elements-1e97a5f5b21d0e45171322f219972fa0\" style=\"font-size:16px\">Pokud m\u00e1te vy nebo n\u011bkdo z va\u0161ich zn\u00e1m\u00fdch sebevra\u017eedn\u00e9 my\u0161lenky, vyhledejte pomoc. K dispozici jsou r\u016fzn\u00e9 zdroje:<\/p>\n\n\n\n<ul class=\"wp-block-list\">\n<li class=\"has-black-color has-text-color has-link-color wp-elements-ecf5d5e8dad87abded3efe68190f9034\" style=\"font-size:16px\"><strong><a href=\"https:\/\/chat.988lifeline.org\/\">Kontakt na linku pomoci<\/a><\/strong>: V mnoha zem\u00edch existuj\u00ed linky prevence sebevra\u017ed, kter\u00e9 nab\u00edzej\u00ed d\u016fv\u011brnou pomoc.<\/li>\n\n\n\n<li class=\"has-black-color has-text-color has-link-color wp-elements-c18dea4f830d84846c9144c315b2a9df\" style=\"font-size:16px\"><strong><a href=\"https:\/\/988lifeline.org\/\">Vyhledejte odbornou pomoc<\/a><\/strong>: Terapeuti, poradci a l\u00e9ka\u0159i mohou poskytnout n\u00e1stroje ke zvl\u00e1dnut\u00ed t\u00edsn\u011b.<\/li>\n\n\n\n<li class=\"has-black-color has-text-color has-link-color wp-elements-dc3fc6d202e7f75023938848b19cc8f6\" style=\"font-size:16px\"><strong>Oslovte sv\u00e9 bl\u00edzk\u00e9<\/strong>: Okam\u017eitou emocion\u00e1ln\u00ed podporu v\u00e1m m\u016f\u017ee poskytnout rozhovor s d\u016fv\u011bryhodn\u00fdmi p\u0159\u00e1teli nebo \u010dleny rodiny.<\/li>\n<\/ul>\n\n\n\n<hr class=\"wp-block-separator has-alpha-channel-opacity\"\/>\n\n\n\n<p class=\"has-text-color has-link-color wp-elements-9628b4f7ea31b804aaf0c8cc8a1f4bde\" style=\"color:#225238;font-size:20px\"><strong>Z\u00e1v\u011br<\/strong><\/p>\n\n\n\n<p class=\"has-black-color has-text-color has-link-color wp-elements-d77b8409bc40f3b494194e17c29245f3\" style=\"font-size:16px\">Ot\u00e1zka, <strong>\"Je sebevra\u017eda trestn\u00e1?\"<\/strong>, odhaluje slo\u017eitou souhru pr\u00e1vn\u00edch, etick\u00fdch a spole\u010densk\u00fdch faktor\u016f. Zat\u00edmco celosv\u011btov\u00fd trend sm\u011b\u0159uje k dekriminalizaci a soucitu, cesta k \u00fapln\u00e9 destigmatizaci du\u0161evn\u00edho zdrav\u00ed pokra\u010duje. Vytvo\u0159me sv\u011bt, ve kter\u00e9m mohou lid\u00e9 v nouzi vyhledat pomoc bez obav z odsouzen\u00ed nebo trestu.<\/p>\n\n\n\n<p class=\"has-black-color has-text-color has-link-color wp-elements-84129bf160b2c168a7efa722300b4db9\" style=\"font-size:16px\"><strong>Dal\u0161\u00ed \u010dl\u00e1nky:<\/strong> <a href=\"https:\/\/nembutalman.com\/cs\/kde-si-muzete-koupit-kyanid-draselny\/\">Kde si m\u016f\u017eete koupit kyanid draseln\u00fd<\/a><\/p>\n\n\n\n<p><\/p>","protected":false},"excerpt":{"rendered":"<p>The question, &#8220;Is suicide punishable?&#8221; is one that evokes deep legal, ethical, and cultural considerations. Around the world, laws concerning<\/p>","protected":false},"author":13,"featured_media":21185,"comment_status":"open","ping_status":"open","sticky":false,"template":"","format":"standard","meta":{"footnotes":""},"categories":[477],"tags":[],"class_list":["post-21184","post","type-post","status-publish","format-standard","has-post-thumbnail","hentry","category-nembutal-blog"],"yoast_head":"<!-- This site is optimized with the Yoast SEO Premium plugin v24.2 (Yoast SEO v27.4) - https:\/\/yoast.com\/product\/yoast-seo-premium-wordpress\/ -->\n<title>Is Suicide Punishable? Exploring the Legal and Ethical Landscape<\/title>\n<meta name=\"description\" content=\"Discover the global perspectives on suicide, whether it\u2019s punishable by law. Learn how mental health advocacy is reshaping attitudes toward prevention.\" \/>\n<meta name=\"robots\" content=\"index, follow, max-snippet:-1, max-image-preview:large, max-video-preview:-1\" \/>\n<link rel=\"canonical\" href=\"https:\/\/nembutalman.com\/cs\/je-sebevrazda-trestna\/\" \/>\n<meta property=\"og:locale\" content=\"cs_CZ\" \/>\n<meta property=\"og:type\" content=\"article\" \/>\n<meta property=\"og:title\" content=\"Is Suicide Punishable? Exploring the Legal and Ethical Landscape\" \/>\n<meta property=\"og:description\" content=\"Discover the global perspectives on suicide, whether it\u2019s punishable by law. Learn how mental health advocacy is reshaping attitudes toward prevention.\" \/>\n<meta property=\"og:url\" content=\"https:\/\/nembutalman.com\/cs\/je-sebevrazda-trestna\/\" \/>\n<meta property=\"og:site_name\" content=\"Nembutal Mann\" \/>\n<meta property=\"article:published_time\" content=\"2024-11-11T16:55:00+00:00\" \/>\n<meta property=\"article:modified_time\" content=\"2025-01-04T16:57:11+00:00\" \/>\n<meta property=\"og:image\" content=\"https:\/\/nembutalman.com\/wp-content\/uploads\/2025\/01\/blog2.webp\" \/>\n\t<meta property=\"og:image:width\" content=\"1024\" \/>\n\t<meta property=\"og:image:height\" content=\"1024\" \/>\n\t<meta property=\"og:image:type\" content=\"image\/webp\" \/>\n<meta name=\"author\" content=\"Lorenz Klein\" \/>\n<meta name=\"twitter:card\" content=\"summary_large_image\" \/>\n<meta name=\"twitter:title\" content=\"Is Suicide Punishable? Exploring the Legal and Ethical Landscape\" \/>\n<meta name=\"twitter:description\" content=\"Discover the global perspectives on suicide, whether it\u2019s punishable by law. Learn how mental health advocacy is reshaping attitudes toward prevention.\" \/>\n<meta name=\"twitter:label1\" content=\"Napsal(a)\" \/>\n\t<meta name=\"twitter:data1\" content=\"Lorenz Klein\" \/>\n\t<meta name=\"twitter:label2\" content=\"Odhadovan\u00e1 doba \u010dten\u00ed\" \/>\n\t<meta name=\"twitter:data2\" content=\"3 minuty\" \/>\n<script type=\"application\/ld+json\" class=\"yoast-schema-graph\">{\"@context\":\"https:\\\/\\\/schema.org\",\"@graph\":[{\"@type\":\"Article\",\"@id\":\"https:\\\/\\\/nembutalman.com\\\/is-suicide-punishable\\\/#article\",\"isPartOf\":{\"@id\":\"https:\\\/\\\/nembutalman.com\\\/is-suicide-punishable\\\/\"},\"author\":{\"name\":\"Lorenz Klein\",\"@id\":\"https:\\\/\\\/nembutalman.com\\\/#\\\/schema\\\/person\\\/0c2afe127adddd50574d27e64deb4019\"},\"headline\":\"Is Suicide Punishable? Understanding the Legal and Ethical Perspectives\",\"datePublished\":\"2024-11-11T16:55:00+00:00\",\"dateModified\":\"2025-01-04T16:57:11+00:00\",\"mainEntityOfPage\":{\"@id\":\"https:\\\/\\\/nembutalman.com\\\/is-suicide-punishable\\\/\"},\"wordCount\":550,\"commentCount\":0,\"publisher\":{\"@id\":\"https:\\\/\\\/nembutalman.com\\\/#organization\"},\"image\":{\"@id\":\"https:\\\/\\\/nembutalman.com\\\/is-suicide-punishable\\\/#primaryimage\"},\"thumbnailUrl\":\"https:\\\/\\\/nembutalman.com\\\/wp-content\\\/uploads\\\/2025\\\/01\\\/blog2.webp\",\"articleSection\":[\"Nembutal Blog\"],\"inLanguage\":\"cs\",\"potentialAction\":[{\"@type\":\"CommentAction\",\"name\":\"Comment\",\"target\":[\"https:\\\/\\\/nembutalman.com\\\/is-suicide-punishable\\\/#respond\"]}]},{\"@type\":\"WebPage\",\"@id\":\"https:\\\/\\\/nembutalman.com\\\/is-suicide-punishable\\\/\",\"url\":\"https:\\\/\\\/nembutalman.com\\\/is-suicide-punishable\\\/\",\"name\":\"Is Suicide Punishable? Exploring the Legal and Ethical Landscape\",\"isPartOf\":{\"@id\":\"https:\\\/\\\/nembutalman.com\\\/#website\"},\"primaryImageOfPage\":{\"@id\":\"https:\\\/\\\/nembutalman.com\\\/is-suicide-punishable\\\/#primaryimage\"},\"image\":{\"@id\":\"https:\\\/\\\/nembutalman.com\\\/is-suicide-punishable\\\/#primaryimage\"},\"thumbnailUrl\":\"https:\\\/\\\/nembutalman.com\\\/wp-content\\\/uploads\\\/2025\\\/01\\\/blog2.webp\",\"datePublished\":\"2024-11-11T16:55:00+00:00\",\"dateModified\":\"2025-01-04T16:57:11+00:00\",\"description\":\"Discover the global perspectives on suicide, whether it\u2019s punishable by law. Learn how mental health advocacy is reshaping attitudes toward prevention.\",\"breadcrumb\":{\"@id\":\"https:\\\/\\\/nembutalman.com\\\/is-suicide-punishable\\\/#breadcrumb\"},\"inLanguage\":\"cs\",\"potentialAction\":[{\"@type\":\"ReadAction\",\"target\":[\"https:\\\/\\\/nembutalman.com\\\/is-suicide-punishable\\\/\"]}]},{\"@type\":\"ImageObject\",\"inLanguage\":\"cs\",\"@id\":\"https:\\\/\\\/nembutalman.com\\\/is-suicide-punishable\\\/#primaryimage\",\"url\":\"https:\\\/\\\/nembutalman.com\\\/wp-content\\\/uploads\\\/2025\\\/01\\\/blog2.webp\",\"contentUrl\":\"https:\\\/\\\/nembutalman.com\\\/wp-content\\\/uploads\\\/2025\\\/01\\\/blog2.webp\",\"width\":1024,\"height\":1024,\"caption\":\"is suicide punishable\"},{\"@type\":\"BreadcrumbList\",\"@id\":\"https:\\\/\\\/nembutalman.com\\\/is-suicide-punishable\\\/#breadcrumb\",\"itemListElement\":[{\"@type\":\"ListItem\",\"position\":1,\"name\":\"Home\",\"item\":\"https:\\\/\\\/nembutalman.com\\\/\"},{\"@type\":\"ListItem\",\"position\":2,\"name\":\"Is Suicide Punishable? Understanding the Legal and Ethical Perspectives\"}]},{\"@type\":\"WebSite\",\"@id\":\"https:\\\/\\\/nembutalman.com\\\/#website\",\"url\":\"https:\\\/\\\/nembutalman.com\\\/\",\"name\":\"Nembutal Mann\",\"description\":\"Nembutal Kaufen Deutschland\",\"publisher\":{\"@id\":\"https:\\\/\\\/nembutalman.com\\\/#organization\"},\"potentialAction\":[{\"@type\":\"SearchAction\",\"target\":{\"@type\":\"EntryPoint\",\"urlTemplate\":\"https:\\\/\\\/nembutalman.com\\\/?s={search_term_string}\"},\"query-input\":{\"@type\":\"PropertyValueSpecification\",\"valueRequired\":true,\"valueName\":\"search_term_string\"}}],\"inLanguage\":\"cs\"},{\"@type\":\"Organization\",\"@id\":\"https:\\\/\\\/nembutalman.com\\\/#organization\",\"name\":\"Nembutal Mann\",\"url\":\"https:\\\/\\\/nembutalman.com\\\/\",\"logo\":{\"@type\":\"ImageObject\",\"inLanguage\":\"cs\",\"@id\":\"https:\\\/\\\/nembutalman.com\\\/#\\\/schema\\\/logo\\\/image\\\/\",\"url\":\"https:\\\/\\\/nembutalman.com\\\/wp-content\\\/uploads\\\/2024\\\/11\\\/Untitled-design.png\",\"contentUrl\":\"https:\\\/\\\/nembutalman.com\\\/wp-content\\\/uploads\\\/2024\\\/11\\\/Untitled-design.png\",\"width\":650,\"height\":250,\"caption\":\"Nembutal Mann\"},\"image\":{\"@id\":\"https:\\\/\\\/nembutalman.com\\\/#\\\/schema\\\/logo\\\/image\\\/\"}},{\"@type\":\"Person\",\"@id\":\"https:\\\/\\\/nembutalman.com\\\/#\\\/schema\\\/person\\\/0c2afe127adddd50574d27e64deb4019\",\"name\":\"Lorenz Klein\",\"image\":{\"@type\":\"ImageObject\",\"inLanguage\":\"cs\",\"@id\":\"https:\\\/\\\/secure.gravatar.com\\\/avatar\\\/7af1fe498d274c1ee9175f77558cd109a351851212bafb698ebc6793ba745122?s=96&d=mm&r=g\",\"url\":\"https:\\\/\\\/secure.gravatar.com\\\/avatar\\\/7af1fe498d274c1ee9175f77558cd109a351851212bafb698ebc6793ba745122?s=96&d=mm&r=g\",\"contentUrl\":\"https:\\\/\\\/secure.gravatar.com\\\/avatar\\\/7af1fe498d274c1ee9175f77558cd109a351851212bafb698ebc6793ba745122?s=96&d=mm&r=g\",\"caption\":\"Lorenz Klein\"},\"url\":\"https:\\\/\\\/nembutalman.com\\\/cs\\\/author\\\/nembutalmann\\\/\"}]}<\/script>\n<!-- \/ Yoast SEO Premium plugin. -->","yoast_head_json":{"title":"Je sebevra\u017eda trestn\u00e1? Zkoum\u00e1n\u00ed pr\u00e1vn\u00edho a etick\u00e9ho prost\u0159ed\u00ed","description":"Zjist\u011bte, jak\u00fd je celosv\u011btov\u00fd pohled na sebevra\u017edu, zda je trestn\u00e1 podle z\u00e1kona. Zjist\u011bte, jak obhajoba du\u0161evn\u00edho zdrav\u00ed m\u011bn\u00ed postoje k prevenci.","robots":{"index":"index","follow":"follow","max-snippet":"max-snippet:-1","max-image-preview":"max-image-preview:large","max-video-preview":"max-video-preview:-1"},"canonical":"https:\/\/nembutalman.com\/cs\/je-sebevrazda-trestna\/","og_locale":"cs_CZ","og_type":"article","og_title":"Is Suicide Punishable? Exploring the Legal and Ethical Landscape","og_description":"Discover the global perspectives on suicide, whether it\u2019s punishable by law. Learn how mental health advocacy is reshaping attitudes toward prevention.","og_url":"https:\/\/nembutalman.com\/cs\/je-sebevrazda-trestna\/","og_site_name":"Nembutal Mann","article_published_time":"2024-11-11T16:55:00+00:00","article_modified_time":"2025-01-04T16:57:11+00:00","og_image":[{"width":1024,"height":1024,"url":"https:\/\/nembutalman.com\/wp-content\/uploads\/2025\/01\/blog2.webp","type":"image\/webp"}],"author":"Lorenz Klein","twitter_card":"summary_large_image","twitter_title":"Is Suicide Punishable? Exploring the Legal and Ethical Landscape","twitter_description":"Discover the global perspectives on suicide, whether it\u2019s punishable by law. Learn how mental health advocacy is reshaping attitudes toward prevention.","twitter_misc":{"Napsal(a)":"Lorenz Klein","Odhadovan\u00e1 doba \u010dten\u00ed":"3 minuty"},"schema":{"@context":"https:\/\/schema.org","@graph":[{"@type":"Article","@id":"https:\/\/nembutalman.com\/is-suicide-punishable\/#article","isPartOf":{"@id":"https:\/\/nembutalman.com\/is-suicide-punishable\/"},"author":{"name":"Lorenz Klein","@id":"https:\/\/nembutalman.com\/#\/schema\/person\/0c2afe127adddd50574d27e64deb4019"},"headline":"Is Suicide Punishable? Understanding the Legal and Ethical Perspectives","datePublished":"2024-11-11T16:55:00+00:00","dateModified":"2025-01-04T16:57:11+00:00","mainEntityOfPage":{"@id":"https:\/\/nembutalman.com\/is-suicide-punishable\/"},"wordCount":550,"commentCount":0,"publisher":{"@id":"https:\/\/nembutalman.com\/#organization"},"image":{"@id":"https:\/\/nembutalman.com\/is-suicide-punishable\/#primaryimage"},"thumbnailUrl":"https:\/\/nembutalman.com\/wp-content\/uploads\/2025\/01\/blog2.webp","articleSection":["Nembutal Blog"],"inLanguage":"cs","potentialAction":[{"@type":"CommentAction","name":"Comment","target":["https:\/\/nembutalman.com\/is-suicide-punishable\/#respond"]}]},{"@type":"WebPage","@id":"https:\/\/nembutalman.com\/is-suicide-punishable\/","url":"https:\/\/nembutalman.com\/is-suicide-punishable\/","name":"Je sebevra\u017eda trestn\u00e1? Zkoum\u00e1n\u00ed pr\u00e1vn\u00edho a etick\u00e9ho prost\u0159ed\u00ed","isPartOf":{"@id":"https:\/\/nembutalman.com\/#website"},"primaryImageOfPage":{"@id":"https:\/\/nembutalman.com\/is-suicide-punishable\/#primaryimage"},"image":{"@id":"https:\/\/nembutalman.com\/is-suicide-punishable\/#primaryimage"},"thumbnailUrl":"https:\/\/nembutalman.com\/wp-content\/uploads\/2025\/01\/blog2.webp","datePublished":"2024-11-11T16:55:00+00:00","dateModified":"2025-01-04T16:57:11+00:00","description":"Zjist\u011bte, jak\u00fd je celosv\u011btov\u00fd pohled na sebevra\u017edu, zda je trestn\u00e1 podle z\u00e1kona. Zjist\u011bte, jak obhajoba du\u0161evn\u00edho zdrav\u00ed m\u011bn\u00ed postoje k prevenci.","breadcrumb":{"@id":"https:\/\/nembutalman.com\/is-suicide-punishable\/#breadcrumb"},"inLanguage":"cs","potentialAction":[{"@type":"ReadAction","target":["https:\/\/nembutalman.com\/is-suicide-punishable\/"]}]},{"@type":"ImageObject","inLanguage":"cs","@id":"https:\/\/nembutalman.com\/is-suicide-punishable\/#primaryimage","url":"https:\/\/nembutalman.com\/wp-content\/uploads\/2025\/01\/blog2.webp","contentUrl":"https:\/\/nembutalman.com\/wp-content\/uploads\/2025\/01\/blog2.webp","width":1024,"height":1024,"caption":"is suicide punishable"},{"@type":"BreadcrumbList","@id":"https:\/\/nembutalman.com\/is-suicide-punishable\/#breadcrumb","itemListElement":[{"@type":"ListItem","position":1,"name":"Home","item":"https:\/\/nembutalman.com\/"},{"@type":"ListItem","position":2,"name":"Is Suicide Punishable? Understanding the Legal and Ethical Perspectives"}]},{"@type":"WebSite","@id":"https:\/\/nembutalman.com\/#website","url":"https:\/\/nembutalman.com\/","name":"U Nembutalu Mann","description":"Nembutal Kaufen Deutschland","publisher":{"@id":"https:\/\/nembutalman.com\/#organization"},"potentialAction":[{"@type":"SearchAction","target":{"@type":"EntryPoint","urlTemplate":"https:\/\/nembutalman.com\/?s={search_term_string}"},"query-input":{"@type":"PropertyValueSpecification","valueRequired":true,"valueName":"search_term_string"}}],"inLanguage":"cs"},{"@type":"Organization","@id":"https:\/\/nembutalman.com\/#organization","name":"U Nembutalu Mann","url":"https:\/\/nembutalman.com\/","logo":{"@type":"ImageObject","inLanguage":"cs","@id":"https:\/\/nembutalman.com\/#\/schema\/logo\/image\/","url":"https:\/\/nembutalman.com\/wp-content\/uploads\/2024\/11\/Untitled-design.png","contentUrl":"https:\/\/nembutalman.com\/wp-content\/uploads\/2024\/11\/Untitled-design.png","width":650,"height":250,"caption":"Nembutal Mann"},"image":{"@id":"https:\/\/nembutalman.com\/#\/schema\/logo\/image\/"}},{"@type":"Person","@id":"https:\/\/nembutalman.com\/#\/schema\/person\/0c2afe127adddd50574d27e64deb4019","name":"Lorenz Klein","image":{"@type":"ImageObject","inLanguage":"cs","@id":"https:\/\/secure.gravatar.com\/avatar\/7af1fe498d274c1ee9175f77558cd109a351851212bafb698ebc6793ba745122?s=96&d=mm&r=g","url":"https:\/\/secure.gravatar.com\/avatar\/7af1fe498d274c1ee9175f77558cd109a351851212bafb698ebc6793ba745122?s=96&d=mm&r=g","contentUrl":"https:\/\/secure.gravatar.com\/avatar\/7af1fe498d274c1ee9175f77558cd109a351851212bafb698ebc6793ba745122?s=96&d=mm&r=g","caption":"Lorenz Klein"},"url":"https:\/\/nembutalman.com\/cs\/author\/nembutalmann\/"}]}},"_links":{"self":[{"href":"https:\/\/nembutalman.com\/cs\/wp-json\/wp\/v2\/posts\/21184","targetHints":{"allow":["GET"]}}],"collection":[{"href":"https:\/\/nembutalman.com\/cs\/wp-json\/wp\/v2\/posts"}],"about":[{"href":"https:\/\/nembutalman.com\/cs\/wp-json\/wp\/v2\/types\/post"}],"author":[{"embeddable":true,"href":"https:\/\/nembutalman.com\/cs\/wp-json\/wp\/v2\/users\/13"}],"replies":[{"embeddable":true,"href":"https:\/\/nembutalman.com\/cs\/wp-json\/wp\/v2\/comments?post=21184"}],"version-history":[{"count":0,"href":"https:\/\/nembutalman.com\/cs\/wp-json\/wp\/v2\/posts\/21184\/revisions"}],"wp:featuredmedia":[{"embeddable":true,"href":"https:\/\/nembutalman.com\/cs\/wp-json\/wp\/v2\/media\/21185"}],"wp:attachment":[{"href":"https:\/\/nembutalman.com\/cs\/wp-json\/wp\/v2\/media?parent=21184"}],"wp:term":[{"taxonomy":"category","embeddable":true,"href":"https:\/\/nembutalman.com\/cs\/wp-json\/wp\/v2\/categories?post=21184"},{"taxonomy":"post_tag","embeddable":true,"href":"https:\/\/nembutalman.com\/cs\/wp-json\/wp\/v2\/tags?post=21184"}],"curies":[{"name":"wp","href":"https:\/\/api.w.org\/{rel}","templated":true}]}}