{"id":21184,"date":"2024-11-11T16:55:00","date_gmt":"2024-11-11T16:55:00","guid":{"rendered":"https:\/\/nembutalman.com\/?p=21184"},"modified":"2025-01-04T16:57:11","modified_gmt":"2025-01-04T16:57:11","slug":"buntetendo-e-az-ongyilkossag","status":"publish","type":"post","link":"https:\/\/nembutalman.com\/hu\/buntetendo-e-az-ongyilkossag\/","title":{"rendered":"B\u00fcntethet\u0151-e az \u00f6ngyilkoss\u00e1g? A jogi \u00e9s etikai szempontok meg\u00e9rt\u00e9se"},"content":{"rendered":"<p class=\"has-black-color has-text-color has-link-color wp-elements-8f3f83c53d6ab6065cde34b89f688bc0\" style=\"font-size:16px\">A k\u00e9rd\u00e9s, <strong>\"Az \u00f6ngyilkoss\u00e1g b\u00fcntetend\u0151?\"<\/strong> olyan k\u00e9rd\u00e9s, amely m\u00e9ly jogi, etikai \u00e9s kultur\u00e1lis megfontol\u00e1sokat vet fel. Az \u00f6ngyilkoss\u00e1gra vonatkoz\u00f3 t\u00f6rv\u00e9nyek vil\u00e1gszerte elt\u00e9r\u0151ek, a k\u00fcl\u00f6nb\u00f6z\u0151 t\u00e1rsadalmi attit\u0171d\u00f6k \u00e9s t\u00f6rt\u00e9nelmi kontextusok alak\u00edtj\u00e1k \u0151ket. Ebben a blogban az \u00f6ngyilkoss\u00e1g glob\u00e1lis jogi perspekt\u00edv\u00e1it, az \u00f6ngyilkoss\u00e1gi k\u00eds\u00e9rlet k\u00f6vetkezm\u00e9nyeit \u00e9s a ment\u00e1lis eg\u00e9szs\u00e9g szerep\u00e9t vizsg\u00e1ljuk ebben az \u00e9rz\u00e9keny t\u00e9m\u00e1ban.<\/p>\n\n\n\n<h2 class=\"wp-block-heading has-text-color has-background has-link-color wp-elements-5895d7ad7e918ea9ea7b71e3dedf2ec9\" id=\"h-understanding-the-legal-status-of-suicide\" style=\"color:#c1d43a;background-color:#225238\">Az \u00f6ngyilkoss\u00e1g jogi st\u00e1tusz\u00e1nak meg\u00e9rt\u00e9se<\/h2>\n\n\n\n<p class=\"has-text-color has-link-color wp-elements-a7f46d904d5a96e17db48eaafa9ec732\" style=\"color:#225238;font-size:20px\"><strong>1. Az \u00f6ngyilkoss\u00e1g \u00e9s a jog<\/strong><\/p>\n\n\n\n<p class=\"has-black-color has-text-color has-link-color wp-elements-306487281a4235231206ff7e10b42f61\" style=\"font-size:16px\">A legt\u00f6bb orsz\u00e1gban ma, <strong>az \u00f6ngyilkoss\u00e1g \u00f6nmag\u00e1ban nem sz\u00e1m\u00edt b\u0171ncselekm\u00e9nynek.<\/strong> Ez azonban nem volt mindig \u00edgy. T\u00f6rt\u00e9nelmileg az \u00f6ngyilkoss\u00e1got gyakran kriminaliz\u00e1lt\u00e1k, ami s\u00falyos k\u00f6vetkezm\u00e9nyekkel j\u00e1rt az egy\u00e9nre \u00e9s csal\u00e1dj\u00e1ra n\u00e9zve.<\/p>\n\n\n\n<ul class=\"wp-block-list\">\n<li class=\"has-black-color has-text-color has-link-color wp-elements-e1800ad56b8b520dcc47bfb60296806a\" style=\"font-size:16px\"><strong>Orsz\u00e1gok, ahol az \u00f6ngyilkoss\u00e1g nem b\u0171ncselekm\u00e9ny<\/strong>:<br>Sok nemzet, mint p\u00e9ld\u00e1ul a <strong>Egyes\u00fclt \u00c1llamok<\/strong>, <strong>Egyes\u00fclt Kir\u00e1lys\u00e1g<\/strong>, <strong>Kanada<\/strong>, \u00e9s a legt\u00f6bb <strong>Eur\u00f3pa<\/strong>, m\u00e1r nem tekinti b\u00fcntetend\u0151 cselekm\u00e9nynek az \u00f6ngyilkoss\u00e1got vagy az \u00f6ngyilkoss\u00e1gi k\u00eds\u00e9rletet. Ezekben a r\u00e9gi\u00f3kban a hangs\u00faly a ment\u00e1lis eg\u00e9szs\u00e9g t\u00e1mogat\u00e1s\u00e1ra \u00e9s megel\u0151z\u00e9s\u00e9re helyez\u0151d\u00f6tt \u00e1t.<\/li>\n\n\n\n<li class=\"has-black-color has-text-color has-link-color wp-elements-ad51cc6caf02dd84fd91c7241e6d53e4\" style=\"font-size:16px\"><strong>Orsz\u00e1gok, ahol az \u00f6ngyilkoss\u00e1g vagy az \u00f6ngyilkoss\u00e1gi k\u00eds\u00e9rlet b\u00fcntethet\u0151<\/strong>:<br>Egyes orsz\u00e1gokban, k\u00f6zt\u00fck <strong>Pakiszt\u00e1n<\/strong>, <strong>Banglades<\/strong>, \u00e9s <strong>Malajzia<\/strong>, az \u00f6ngyilkoss\u00e1gi k\u00eds\u00e9rlet tov\u00e1bbra is b\u0171ncselekm\u00e9nynek min\u0151s\u00fcl, \u00e9s p\u00e9nzb\u00edrs\u00e1ggal, szabads\u00e1gveszt\u00e9ssel vagy mindkett\u0151vel b\u00fcntethet\u0151.<\/li>\n<\/ul>\n\n\n\n<p class=\"has-text-color has-link-color wp-elements-1755473e8a2a335872eea4dbd9723d59\" style=\"color:#225238;font-size:20px\"><strong>2. B\u00fcntet\u00e9s az \u00f6ngyilkoss\u00e1gi k\u00eds\u00e9rlet\u00e9rt<\/strong><\/p>\n\n\n\n<p class=\"has-black-color has-text-color has-link-color wp-elements-5ac7ff765e42d12f0c4545d7f800d3c8\" style=\"font-size:16px\">Ahol a t\u00f6rv\u00e9nyek b\u00fcntethet\u0151v\u00e9 teszik az \u00f6ngyilkoss\u00e1gi k\u00eds\u00e9rletet, azok gyakran t\u00f6rt\u00e9nelmi vagy vall\u00e1si meggy\u0151z\u0151d\u00e9sb\u0151l fakadnak, \u00e9s az \u00f6ngyilkoss\u00e1got erk\u00f6lcsileg helytelennek tekintik. Sajnos a b\u00fcntet\u0151int\u00e9zked\u00e9sek elriaszthatj\u00e1k az egy\u00e9neket att\u00f3l, hogy seg\u00edts\u00e9get k\u00e9rjenek, ami s\u00falyosb\u00edtja a ment\u00e1lis eg\u00e9szs\u00e9g\u00fcgyi kih\u00edv\u00e1sokat.<\/p>\n\n\n\n<h2 class=\"wp-block-heading has-text-color has-background has-link-color wp-elements-5438d1bf38237e75ab9ace647b67c54e\" id=\"h-ethical-perspectives-on-punishing-suicide\" style=\"color:#c1d43a;background-color:#225238\">Az \u00f6ngyilkoss\u00e1g b\u00fcntet\u00e9s\u00e9nek etikai szempontjai<\/h2>\n\n\n\n<figure class=\"wp-block-image size-large\"><img fetchpriority=\"high\" decoding=\"async\" width=\"800\" height=\"800\" src=\"https:\/\/nembutalman.com\/wp-content\/uploads\/2025\/01\/blog3-800x800.webp\" alt=\"B\u00fcntetend\u0151-e az \u00f6ngyilkoss\u00e1g\" class=\"wp-image-21186\" srcset=\"https:\/\/nembutalman.com\/wp-content\/uploads\/2025\/01\/blog3-800x800.webp 800w, https:\/\/nembutalman.com\/wp-content\/uploads\/2025\/01\/blog3-300x300.webp 300w, https:\/\/nembutalman.com\/wp-content\/uploads\/2025\/01\/blog3-150x150.webp 150w, https:\/\/nembutalman.com\/wp-content\/uploads\/2025\/01\/blog3-768x768.webp 768w, https:\/\/nembutalman.com\/wp-content\/uploads\/2025\/01\/blog3-430x430.webp 430w, https:\/\/nembutalman.com\/wp-content\/uploads\/2025\/01\/blog3-700x700.webp 700w, https:\/\/nembutalman.com\/wp-content\/uploads\/2025\/01\/blog3.webp 1024w\" sizes=\"(max-width: 800px) 100vw, 800px\" \/><\/figure>\n\n\n\n<p class=\"has-text-color has-link-color wp-elements-8b7c8489739c40574b63b818c95c01c4\" style=\"color:#225238;font-size:20px\"><strong>1. Az egy\u00fctt\u00e9rz\u00e9s fel\u00e9 val\u00f3 elmozdul\u00e1s<\/strong><\/p>\n\n\n\n<p class=\"has-black-color has-text-color has-link-color wp-elements-d53de05ce2900d2886a32a71c34bef81\" style=\"font-size:16px\">Az \u00f6ngyilkoss\u00e1g b\u00fcntet\u00e9s\u00e9t sz\u00e9les k\u00f6rben b\u00edr\u00e1lt\u00e1k a ment\u00e1lis eg\u00e9szs\u00e9g v\u00e9delmez\u0151i, akik azzal \u00e9rvelnek, hogy:<\/p>\n\n\n\n<ul class=\"wp-block-list\">\n<li class=\"has-black-color has-text-color has-link-color wp-elements-ab360714e7bfd248eb71ffa805171891\" style=\"font-size:16px\">Az \u00f6ngyilkoss\u00e1gi k\u00eds\u00e9rletek gyakran a k\u00f6vetkez\u0151k k\u00f6vetkezm\u00e9nyei <strong>ment\u00e1lis eg\u00e9szs\u00e9g\u00fcgyi v\u00e1ls\u00e1gok<\/strong>.<\/li>\n\n\n\n<li class=\"has-black-color has-text-color has-link-color wp-elements-8a1b8b6f5739bf58b9afb708c135d72b\" style=\"font-size:16px\"><strong>T\u00e1mogat\u00e1s \u00e9s beavatkoz\u00e1s<\/strong>, nem pedig b\u00fcntet\u00e9sre van sz\u00fcks\u00e9g a m\u00f6g\u00f6ttes probl\u00e9m\u00e1k, p\u00e9ld\u00e1ul a depresszi\u00f3, a szorong\u00e1s vagy a trauma kezel\u00e9s\u00e9hez.<\/li>\n<\/ul>\n\n\n\n<p class=\"has-text-color has-link-color wp-elements-adcb18568a0e6ec36023fc8fda856129\" style=\"color:#225238;font-size:20px\"><strong>2. T\u00e1rsadalmi felel\u0151ss\u00e9g<\/strong><\/p>\n\n\n\n<p class=\"has-black-color has-text-color has-link-color wp-elements-c092acc6734c202af2b2d19f730b797d\" style=\"font-size:16px\">Sokan \u00fagy \u00e9rvelnek, hogy a korm\u00e1nyoknak \u00e9s a t\u00e1rsadalmaknak a hozz\u00e1f\u00e9rhet\u0151 ment\u00e1lis eg\u00e9szs\u00e9g\u00fcgyi ell\u00e1t\u00e1s biztos\u00edt\u00e1s\u00e1ra, a megb\u00e9lyegz\u00e9s cs\u00f6kkent\u00e9s\u00e9re \u00e9s t\u00e1mogat\u00f3 k\u00f6rnyezet kialak\u00edt\u00e1s\u00e1ra kellene \u00f6sszpontos\u00edtaniuk az \u00f6ngyilkoss\u00e1g megel\u0151z\u00e9se \u00e9rdek\u00e9ben, ahelyett, hogy a bajba jutott egy\u00e9neket b\u00fcntetn\u00e9k.<\/p>\n\n\n\n<h2 class=\"wp-block-heading has-text-color has-background has-link-color wp-elements-6aed4a75bfef61c682b8e82f343d5fc4\" id=\"h-global-trends-in-suicide-prevention\" style=\"color:#c1d43a;background-color:#225238\"><strong>Glob\u00e1lis trendek az \u00f6ngyilkoss\u00e1g megel\u0151z\u00e9s\u00e9ben<\/strong><\/h2>\n\n\n\n<p class=\"has-black-color has-text-color has-link-color wp-elements-b554e845c04ed1432b41d44957b9ef7b\" style=\"font-size:16px\">Az elm\u00falt \u00e9vekben egyre ink\u00e1bb felismert\u00e9k a ment\u00e1lis eg\u00e9szs\u00e9g fontoss\u00e1g\u00e1t:<\/p>\n\n\n\n<ul class=\"wp-block-list\">\n<li class=\"has-black-color has-text-color has-link-color wp-elements-9b714aa8a8970c871d6834637dbfbde2\" style=\"font-size:16px\"><strong>Dekriminaliz\u00e1ci\u00f3s t\u00f6rekv\u00e9sek<\/strong>: Olyan orsz\u00e1gok, mint <strong>India<\/strong> hat\u00e1lyon k\u00edv\u00fcl helyezt\u00e9k az \u00f6ngyilkoss\u00e1got kriminaliz\u00e1l\u00f3 t\u00f6rv\u00e9nyeket, \u00e9s ehelyett a megel\u0151z\u00e9sre \u00e9s a ment\u00e1lis eg\u00e9szs\u00e9g\u00fcgyi ell\u00e1t\u00e1sra \u00f6sszpontos\u00edtottak.<\/li>\n\n\n\n<li class=\"has-black-color has-text-color has-link-color wp-elements-758025d3e616feb7aba1768e664084c5\" style=\"font-size:16px\"><strong>Tudatoss\u00e1gi kamp\u00e1nyok<\/strong>: Az olyan szervezetek, mint a <strong>Eg\u00e9szs\u00e9g\u00fcgyi Vil\u00e1gszervezet (WHO)<\/strong> hangs\u00falyozz\u00e1k az \u00f6ngyilkoss\u00e1g megel\u0151z\u00e9s\u00e9vel kapcsolatos felvil\u00e1gos\u00edt\u00e1st.<\/li>\n\n\n\n<li class=\"has-black-color has-text-color has-link-color wp-elements-ac3dd46b86ee6c04b42d7d7167a0c77f\" style=\"font-size:16px\"><strong>Seg\u00e9lyvonalak \u00e9s tan\u00e1csad\u00e1si szolg\u00e1ltat\u00e1sok<\/strong>: Sz\u00e1mos nemzet l\u00e9trehozott ingyenes, \u00e9jjel-nappal h\u00edvhat\u00f3 seg\u00e9lyvonalakat, amelyek azonnali t\u00e1mogat\u00e1st ny\u00fajtanak a v\u00e1ls\u00e1ghelyzetben l\u00e9v\u0151 egy\u00e9neknek.<\/li>\n<\/ul>\n\n\n\n<h2 class=\"wp-block-heading has-text-color has-background has-link-color wp-elements-d0c9a690e7cd364e1b5efa36253c751e\" id=\"h-key-takeaways-is-suicide-punishable\" style=\"color:#c1d43a;background-color:#225238\"><strong><strong>A legfontosabb tudnival\u00f3k: B\u00fcntethet\u0151-e az \u00f6ngyilkoss\u00e1g?<\/strong><\/strong><\/h2>\n\n\n\n<ul class=\"wp-block-list\">\n<li class=\"has-black-color has-text-color has-link-color wp-elements-8b53b3530f7eea6ebc264c0f214bb51a\" style=\"font-size:16px\"><strong>K\u00f6zvetlen v\u00e1lasz<\/strong>: A legt\u00f6bb orsz\u00e1gban az \u00f6ngyilkoss\u00e1g nem b\u00fcntetend\u0151. N\u00e9h\u00e1ny orsz\u00e1gban azonban az \u00f6ngyilkoss\u00e1gi k\u00eds\u00e9rlet m\u00e9g mindig jogi k\u00f6vetkezm\u00e9nyekkel j\u00e1rhat.<\/li>\n\n\n\n<li class=\"has-black-color has-text-color has-link-color wp-elements-f8691b59d464f4972be94d8f13983f24\" style=\"font-size:16px\"><strong>Glob\u00e1lis trend<\/strong>: Az elmozdul\u00e1s a b\u00fcntet\u00e9s helyett az egy\u00fctt\u00e9rz\u00e9s, a ment\u00e1lis eg\u00e9szs\u00e9g\u00fcgyi ell\u00e1t\u00e1s \u00e9s a megel\u0151z\u00e9s fel\u00e9 halad.<\/li>\n<\/ul>\n\n\n\n<figure class=\"wp-block-embed is-type-video is-provider-youtube wp-block-embed-youtube wp-embed-aspect-16-9 wp-has-aspect-ratio\"><div class=\"wp-block-embed__wrapper\">\n<iframe title=\"Az orsz\u00e1gok, ahol az \u00f6ngyilkoss\u00e1g illeg\u00e1lis: A t\u00f6rv\u00e9ny kontra ment\u00e1lis eg\u00e9szs\u00e9g\" width=\"500\" height=\"281\" src=\"https:\/\/www.youtube.com\/embed\/Qd22684nkdI?feature=oembed\" frameborder=\"0\" allow=\"accelerometer; autoplay; clipboard-write; encrypted-media; gyroscope; picture-in-picture; web-share\" referrerpolicy=\"strict-origin-when-cross-origin\" allowfullscreen><\/iframe>\n<\/div><\/figure>\n\n\n\n<h2 class=\"wp-block-heading has-text-color has-background has-link-color wp-elements-360e0b196f80c436761b60f545abe0e9\" id=\"h-what-to-do-if-you-or-someone-you-know-is-struggling\" style=\"color:#c1d43a;background-color:#225238\"><strong><strong><strong>Mit tegyen, ha \u00d6n vagy egy ismer\u0151se neh\u00e9z helyzetben van?<\/strong><\/strong><\/strong><\/h2>\n\n\n\n<p class=\"has-black-color has-text-color has-link-color wp-elements-1e97a5f5b21d0e45171322f219972fa0\" style=\"font-size:16px\">Ha \u00d6n vagy egy ismer\u0151se \u00f6ngyilkoss\u00e1gi gondolatokkal k\u00fczd, k\u00e9rj\u00fck, forduljon seg\u00edts\u00e9g\u00e9rt. Vannak el\u00e9rhet\u0151 forr\u00e1sok:<\/p>\n\n\n\n<ul class=\"wp-block-list\">\n<li class=\"has-black-color has-text-color has-link-color wp-elements-ecf5d5e8dad87abded3efe68190f9034\" style=\"font-size:16px\"><strong><a href=\"https:\/\/chat.988lifeline.org\/\">Kapcsolatfelv\u00e9tel a seg\u00e9lyvonallal<\/a><\/strong>: Sok orsz\u00e1gban vannak \u00f6ngyilkoss\u00e1g-megel\u0151z\u00e9si forr\u00f3dr\u00f3tok, amelyek bizalmas t\u00e1mogat\u00e1st ny\u00fajtanak.<\/li>\n\n\n\n<li class=\"has-black-color has-text-color has-link-color wp-elements-c18dea4f830d84846c9144c315b2a9df\" style=\"font-size:16px\"><strong><a href=\"https:\/\/988lifeline.org\/\">Szakmai seg\u00edts\u00e9g k\u00e9r\u00e9se<\/a><\/strong>: Terapeut\u00e1k, tan\u00e1csad\u00f3k \u00e9s eg\u00e9szs\u00e9g\u00fcgyi szakemberek biztos\u00edthatj\u00e1k a szorong\u00e1s kezel\u00e9s\u00e9nek eszk\u00f6zeit.<\/li>\n\n\n\n<li class=\"has-black-color has-text-color has-link-color wp-elements-dc3fc6d202e7f75023938848b19cc8f6\" style=\"font-size:16px\"><strong>\u00c9rintse meg a szeretteit<\/strong>: A megb\u00edzhat\u00f3 bar\u00e1tokkal vagy csal\u00e1dtagokkal val\u00f3 besz\u00e9lget\u00e9s azonnali \u00e9rzelmi t\u00e1mogat\u00e1st ny\u00fajthat.<\/li>\n<\/ul>\n\n\n\n<hr class=\"wp-block-separator has-alpha-channel-opacity\"\/>\n\n\n\n<p class=\"has-text-color has-link-color wp-elements-9628b4f7ea31b804aaf0c8cc8a1f4bde\" style=\"color:#225238;font-size:20px\"><strong>K\u00f6vetkeztet\u00e9s<\/strong><\/p>\n\n\n\n<p class=\"has-black-color has-text-color has-link-color wp-elements-d77b8409bc40f3b494194e17c29245f3\" style=\"font-size:16px\">A k\u00e9rd\u00e9s, <strong>\"Az \u00f6ngyilkoss\u00e1g b\u00fcntetend\u0151?\"<\/strong>, jogi, etikai \u00e9s t\u00e1rsadalmi t\u00e9nyez\u0151k \u00f6sszetett k\u00f6lcs\u00f6nhat\u00e1s\u00e1t t\u00e1rja fel. Mik\u00f6zben a tendencia vil\u00e1gszerte a dekriminaliz\u00e1ci\u00f3 \u00e9s a k\u00f6ny\u00f6r\u00fcletess\u00e9g ir\u00e1ny\u00e1ba mutat, a ment\u00e1lis eg\u00e9szs\u00e9g teljes destigmatiz\u00e1ci\u00f3ja fel\u00e9 vezet\u0151 \u00fat folytat\u00f3dik. Teremts\u00fcnk egy olyan vil\u00e1got, ahol a bajba jutottak az \u00edt\u00e9lkez\u00e9st\u0151l vagy b\u00fcntet\u00e9st\u0151l val\u00f3 f\u00e9lelem n\u00e9lk\u00fcl k\u00e9rhetnek seg\u00edts\u00e9get.<\/p>\n\n\n\n<p class=\"has-black-color has-text-color has-link-color wp-elements-84129bf160b2c168a7efa722300b4db9\" style=\"font-size:16px\"><strong>Tov\u00e1bbi cikkek:<\/strong> <a href=\"https:\/\/nembutalman.com\/hu\/hol-lehet-megvasarolni-a-kalium-cianidot\/\">Hol lehet megv\u00e1s\u00e1rolni a k\u00e1lium-cianidot<\/a><\/p>\n\n\n\n<p><\/p>","protected":false},"excerpt":{"rendered":"<p>The question, &#8220;Is suicide punishable?&#8221; is one that evokes deep legal, ethical, and cultural considerations. Around the world, laws concerning<\/p>","protected":false},"author":13,"featured_media":21185,"comment_status":"open","ping_status":"open","sticky":false,"template":"","format":"standard","meta":{"footnotes":""},"categories":[477],"tags":[],"class_list":["post-21184","post","type-post","status-publish","format-standard","has-post-thumbnail","hentry","category-nembutal-blog"],"yoast_head":"<!-- This site is optimized with the Yoast SEO Premium plugin v24.2 (Yoast SEO v27.4) - https:\/\/yoast.com\/product\/yoast-seo-premium-wordpress\/ -->\n<title>Is Suicide Punishable? Exploring the Legal and Ethical Landscape<\/title>\n<meta name=\"description\" content=\"Discover the global perspectives on suicide, whether it\u2019s punishable by law. Learn how mental health advocacy is reshaping attitudes toward prevention.\" \/>\n<meta name=\"robots\" content=\"index, follow, max-snippet:-1, max-image-preview:large, max-video-preview:-1\" \/>\n<link rel=\"canonical\" href=\"https:\/\/nembutalman.com\/hu\/buntetendo-e-az-ongyilkossag\/\" \/>\n<meta property=\"og:locale\" content=\"hu_HU\" \/>\n<meta property=\"og:type\" content=\"article\" \/>\n<meta property=\"og:title\" content=\"Is Suicide Punishable? Exploring the Legal and Ethical Landscape\" \/>\n<meta property=\"og:description\" content=\"Discover the global perspectives on suicide, whether it\u2019s punishable by law. Learn how mental health advocacy is reshaping attitudes toward prevention.\" \/>\n<meta property=\"og:url\" content=\"https:\/\/nembutalman.com\/hu\/buntetendo-e-az-ongyilkossag\/\" \/>\n<meta property=\"og:site_name\" content=\"Nembutal Mann\" \/>\n<meta property=\"article:published_time\" content=\"2024-11-11T16:55:00+00:00\" \/>\n<meta property=\"article:modified_time\" content=\"2025-01-04T16:57:11+00:00\" \/>\n<meta property=\"og:image\" content=\"https:\/\/nembutalman.com\/wp-content\/uploads\/2025\/01\/blog2.webp\" \/>\n\t<meta property=\"og:image:width\" content=\"1024\" \/>\n\t<meta property=\"og:image:height\" content=\"1024\" \/>\n\t<meta property=\"og:image:type\" content=\"image\/webp\" \/>\n<meta name=\"author\" content=\"Lorenz Klein\" \/>\n<meta name=\"twitter:card\" content=\"summary_large_image\" \/>\n<meta name=\"twitter:title\" content=\"Is Suicide Punishable? Exploring the Legal and Ethical Landscape\" \/>\n<meta name=\"twitter:description\" content=\"Discover the global perspectives on suicide, whether it\u2019s punishable by law. Learn how mental health advocacy is reshaping attitudes toward prevention.\" \/>\n<meta name=\"twitter:label1\" content=\"Szerz\u0151:\" \/>\n\t<meta name=\"twitter:data1\" content=\"Lorenz Klein\" \/>\n\t<meta name=\"twitter:label2\" content=\"Becs\u00fclt olvas\u00e1si id\u0151\" \/>\n\t<meta name=\"twitter:data2\" content=\"3 perc\" \/>\n<script type=\"application\/ld+json\" class=\"yoast-schema-graph\">{\"@context\":\"https:\\\/\\\/schema.org\",\"@graph\":[{\"@type\":\"Article\",\"@id\":\"https:\\\/\\\/nembutalman.com\\\/is-suicide-punishable\\\/#article\",\"isPartOf\":{\"@id\":\"https:\\\/\\\/nembutalman.com\\\/is-suicide-punishable\\\/\"},\"author\":{\"name\":\"Lorenz Klein\",\"@id\":\"https:\\\/\\\/nembutalman.com\\\/#\\\/schema\\\/person\\\/0c2afe127adddd50574d27e64deb4019\"},\"headline\":\"Is Suicide Punishable? Understanding the Legal and Ethical Perspectives\",\"datePublished\":\"2024-11-11T16:55:00+00:00\",\"dateModified\":\"2025-01-04T16:57:11+00:00\",\"mainEntityOfPage\":{\"@id\":\"https:\\\/\\\/nembutalman.com\\\/is-suicide-punishable\\\/\"},\"wordCount\":550,\"commentCount\":0,\"publisher\":{\"@id\":\"https:\\\/\\\/nembutalman.com\\\/#organization\"},\"image\":{\"@id\":\"https:\\\/\\\/nembutalman.com\\\/is-suicide-punishable\\\/#primaryimage\"},\"thumbnailUrl\":\"https:\\\/\\\/nembutalman.com\\\/wp-content\\\/uploads\\\/2025\\\/01\\\/blog2.webp\",\"articleSection\":[\"Nembutal Blog\"],\"inLanguage\":\"hu\",\"potentialAction\":[{\"@type\":\"CommentAction\",\"name\":\"Comment\",\"target\":[\"https:\\\/\\\/nembutalman.com\\\/is-suicide-punishable\\\/#respond\"]}]},{\"@type\":\"WebPage\",\"@id\":\"https:\\\/\\\/nembutalman.com\\\/is-suicide-punishable\\\/\",\"url\":\"https:\\\/\\\/nembutalman.com\\\/is-suicide-punishable\\\/\",\"name\":\"Is Suicide Punishable? Exploring the Legal and Ethical Landscape\",\"isPartOf\":{\"@id\":\"https:\\\/\\\/nembutalman.com\\\/#website\"},\"primaryImageOfPage\":{\"@id\":\"https:\\\/\\\/nembutalman.com\\\/is-suicide-punishable\\\/#primaryimage\"},\"image\":{\"@id\":\"https:\\\/\\\/nembutalman.com\\\/is-suicide-punishable\\\/#primaryimage\"},\"thumbnailUrl\":\"https:\\\/\\\/nembutalman.com\\\/wp-content\\\/uploads\\\/2025\\\/01\\\/blog2.webp\",\"datePublished\":\"2024-11-11T16:55:00+00:00\",\"dateModified\":\"2025-01-04T16:57:11+00:00\",\"description\":\"Discover the global perspectives on suicide, whether it\u2019s punishable by law. Learn how mental health advocacy is reshaping attitudes toward prevention.\",\"breadcrumb\":{\"@id\":\"https:\\\/\\\/nembutalman.com\\\/is-suicide-punishable\\\/#breadcrumb\"},\"inLanguage\":\"hu\",\"potentialAction\":[{\"@type\":\"ReadAction\",\"target\":[\"https:\\\/\\\/nembutalman.com\\\/is-suicide-punishable\\\/\"]}]},{\"@type\":\"ImageObject\",\"inLanguage\":\"hu\",\"@id\":\"https:\\\/\\\/nembutalman.com\\\/is-suicide-punishable\\\/#primaryimage\",\"url\":\"https:\\\/\\\/nembutalman.com\\\/wp-content\\\/uploads\\\/2025\\\/01\\\/blog2.webp\",\"contentUrl\":\"https:\\\/\\\/nembutalman.com\\\/wp-content\\\/uploads\\\/2025\\\/01\\\/blog2.webp\",\"width\":1024,\"height\":1024,\"caption\":\"is suicide punishable\"},{\"@type\":\"BreadcrumbList\",\"@id\":\"https:\\\/\\\/nembutalman.com\\\/is-suicide-punishable\\\/#breadcrumb\",\"itemListElement\":[{\"@type\":\"ListItem\",\"position\":1,\"name\":\"Home\",\"item\":\"https:\\\/\\\/nembutalman.com\\\/\"},{\"@type\":\"ListItem\",\"position\":2,\"name\":\"Is Suicide Punishable? Understanding the Legal and Ethical Perspectives\"}]},{\"@type\":\"WebSite\",\"@id\":\"https:\\\/\\\/nembutalman.com\\\/#website\",\"url\":\"https:\\\/\\\/nembutalman.com\\\/\",\"name\":\"Nembutal Mann\",\"description\":\"Nembutal Kaufen Deutschland\",\"publisher\":{\"@id\":\"https:\\\/\\\/nembutalman.com\\\/#organization\"},\"potentialAction\":[{\"@type\":\"SearchAction\",\"target\":{\"@type\":\"EntryPoint\",\"urlTemplate\":\"https:\\\/\\\/nembutalman.com\\\/?s={search_term_string}\"},\"query-input\":{\"@type\":\"PropertyValueSpecification\",\"valueRequired\":true,\"valueName\":\"search_term_string\"}}],\"inLanguage\":\"hu\"},{\"@type\":\"Organization\",\"@id\":\"https:\\\/\\\/nembutalman.com\\\/#organization\",\"name\":\"Nembutal Mann\",\"url\":\"https:\\\/\\\/nembutalman.com\\\/\",\"logo\":{\"@type\":\"ImageObject\",\"inLanguage\":\"hu\",\"@id\":\"https:\\\/\\\/nembutalman.com\\\/#\\\/schema\\\/logo\\\/image\\\/\",\"url\":\"https:\\\/\\\/nembutalman.com\\\/wp-content\\\/uploads\\\/2024\\\/11\\\/Untitled-design.png\",\"contentUrl\":\"https:\\\/\\\/nembutalman.com\\\/wp-content\\\/uploads\\\/2024\\\/11\\\/Untitled-design.png\",\"width\":650,\"height\":250,\"caption\":\"Nembutal Mann\"},\"image\":{\"@id\":\"https:\\\/\\\/nembutalman.com\\\/#\\\/schema\\\/logo\\\/image\\\/\"}},{\"@type\":\"Person\",\"@id\":\"https:\\\/\\\/nembutalman.com\\\/#\\\/schema\\\/person\\\/0c2afe127adddd50574d27e64deb4019\",\"name\":\"Lorenz Klein\",\"image\":{\"@type\":\"ImageObject\",\"inLanguage\":\"hu\",\"@id\":\"https:\\\/\\\/secure.gravatar.com\\\/avatar\\\/7af1fe498d274c1ee9175f77558cd109a351851212bafb698ebc6793ba745122?s=96&d=mm&r=g\",\"url\":\"https:\\\/\\\/secure.gravatar.com\\\/avatar\\\/7af1fe498d274c1ee9175f77558cd109a351851212bafb698ebc6793ba745122?s=96&d=mm&r=g\",\"contentUrl\":\"https:\\\/\\\/secure.gravatar.com\\\/avatar\\\/7af1fe498d274c1ee9175f77558cd109a351851212bafb698ebc6793ba745122?s=96&d=mm&r=g\",\"caption\":\"Lorenz Klein\"},\"url\":\"https:\\\/\\\/nembutalman.com\\\/hu\\\/author\\\/nembutalmann\\\/\"}]}<\/script>\n<!-- \/ Yoast SEO Premium plugin. -->","yoast_head_json":{"title":"B\u00fcntethet\u0151-e az \u00f6ngyilkoss\u00e1g? A jogi \u00e9s etikai helyzet vizsg\u00e1lata","description":"Ismerje meg az \u00f6ngyilkoss\u00e1g glob\u00e1lis perspekt\u00edv\u00e1it, hogy b\u00fcntethet\u0151-e az \u00f6ngyilkoss\u00e1g. Ismerje meg, hogyan alak\u00edtja \u00e1t a ment\u00e1lis eg\u00e9szs\u00e9gv\u00e9delem a megel\u0151z\u00e9shez val\u00f3 hozz\u00e1\u00e1ll\u00e1st.","robots":{"index":"index","follow":"follow","max-snippet":"max-snippet:-1","max-image-preview":"max-image-preview:large","max-video-preview":"max-video-preview:-1"},"canonical":"https:\/\/nembutalman.com\/hu\/buntetendo-e-az-ongyilkossag\/","og_locale":"hu_HU","og_type":"article","og_title":"Is Suicide Punishable? Exploring the Legal and Ethical Landscape","og_description":"Discover the global perspectives on suicide, whether it\u2019s punishable by law. Learn how mental health advocacy is reshaping attitudes toward prevention.","og_url":"https:\/\/nembutalman.com\/hu\/buntetendo-e-az-ongyilkossag\/","og_site_name":"Nembutal Mann","article_published_time":"2024-11-11T16:55:00+00:00","article_modified_time":"2025-01-04T16:57:11+00:00","og_image":[{"width":1024,"height":1024,"url":"https:\/\/nembutalman.com\/wp-content\/uploads\/2025\/01\/blog2.webp","type":"image\/webp"}],"author":"Lorenz Klein","twitter_card":"summary_large_image","twitter_title":"Is Suicide Punishable? Exploring the Legal and Ethical Landscape","twitter_description":"Discover the global perspectives on suicide, whether it\u2019s punishable by law. Learn how mental health advocacy is reshaping attitudes toward prevention.","twitter_misc":{"Szerz\u0151:":"Lorenz Klein","Becs\u00fclt olvas\u00e1si id\u0151":"3 perc"},"schema":{"@context":"https:\/\/schema.org","@graph":[{"@type":"Article","@id":"https:\/\/nembutalman.com\/is-suicide-punishable\/#article","isPartOf":{"@id":"https:\/\/nembutalman.com\/is-suicide-punishable\/"},"author":{"name":"Lorenz Klein","@id":"https:\/\/nembutalman.com\/#\/schema\/person\/0c2afe127adddd50574d27e64deb4019"},"headline":"Is Suicide Punishable? Understanding the Legal and Ethical Perspectives","datePublished":"2024-11-11T16:55:00+00:00","dateModified":"2025-01-04T16:57:11+00:00","mainEntityOfPage":{"@id":"https:\/\/nembutalman.com\/is-suicide-punishable\/"},"wordCount":550,"commentCount":0,"publisher":{"@id":"https:\/\/nembutalman.com\/#organization"},"image":{"@id":"https:\/\/nembutalman.com\/is-suicide-punishable\/#primaryimage"},"thumbnailUrl":"https:\/\/nembutalman.com\/wp-content\/uploads\/2025\/01\/blog2.webp","articleSection":["Nembutal Blog"],"inLanguage":"hu","potentialAction":[{"@type":"CommentAction","name":"Comment","target":["https:\/\/nembutalman.com\/is-suicide-punishable\/#respond"]}]},{"@type":"WebPage","@id":"https:\/\/nembutalman.com\/is-suicide-punishable\/","url":"https:\/\/nembutalman.com\/is-suicide-punishable\/","name":"B\u00fcntethet\u0151-e az \u00f6ngyilkoss\u00e1g? A jogi \u00e9s etikai helyzet vizsg\u00e1lata","isPartOf":{"@id":"https:\/\/nembutalman.com\/#website"},"primaryImageOfPage":{"@id":"https:\/\/nembutalman.com\/is-suicide-punishable\/#primaryimage"},"image":{"@id":"https:\/\/nembutalman.com\/is-suicide-punishable\/#primaryimage"},"thumbnailUrl":"https:\/\/nembutalman.com\/wp-content\/uploads\/2025\/01\/blog2.webp","datePublished":"2024-11-11T16:55:00+00:00","dateModified":"2025-01-04T16:57:11+00:00","description":"Ismerje meg az \u00f6ngyilkoss\u00e1g glob\u00e1lis perspekt\u00edv\u00e1it, hogy b\u00fcntethet\u0151-e az \u00f6ngyilkoss\u00e1g. Ismerje meg, hogyan alak\u00edtja \u00e1t a ment\u00e1lis eg\u00e9szs\u00e9gv\u00e9delem a megel\u0151z\u00e9shez val\u00f3 hozz\u00e1\u00e1ll\u00e1st.","breadcrumb":{"@id":"https:\/\/nembutalman.com\/is-suicide-punishable\/#breadcrumb"},"inLanguage":"hu","potentialAction":[{"@type":"ReadAction","target":["https:\/\/nembutalman.com\/is-suicide-punishable\/"]}]},{"@type":"ImageObject","inLanguage":"hu","@id":"https:\/\/nembutalman.com\/is-suicide-punishable\/#primaryimage","url":"https:\/\/nembutalman.com\/wp-content\/uploads\/2025\/01\/blog2.webp","contentUrl":"https:\/\/nembutalman.com\/wp-content\/uploads\/2025\/01\/blog2.webp","width":1024,"height":1024,"caption":"is suicide punishable"},{"@type":"BreadcrumbList","@id":"https:\/\/nembutalman.com\/is-suicide-punishable\/#breadcrumb","itemListElement":[{"@type":"ListItem","position":1,"name":"Home","item":"https:\/\/nembutalman.com\/"},{"@type":"ListItem","position":2,"name":"Is Suicide Punishable? Understanding the Legal and Ethical Perspectives"}]},{"@type":"WebSite","@id":"https:\/\/nembutalman.com\/#website","url":"https:\/\/nembutalman.com\/","name":"A Nembutal Mann-n\u00e1l","description":"Nembutal Kaufen Deutschland","publisher":{"@id":"https:\/\/nembutalman.com\/#organization"},"potentialAction":[{"@type":"SearchAction","target":{"@type":"EntryPoint","urlTemplate":"https:\/\/nembutalman.com\/?s={search_term_string}"},"query-input":{"@type":"PropertyValueSpecification","valueRequired":true,"valueName":"search_term_string"}}],"inLanguage":"hu"},{"@type":"Organization","@id":"https:\/\/nembutalman.com\/#organization","name":"A Nembutal Mann-n\u00e1l","url":"https:\/\/nembutalman.com\/","logo":{"@type":"ImageObject","inLanguage":"hu","@id":"https:\/\/nembutalman.com\/#\/schema\/logo\/image\/","url":"https:\/\/nembutalman.com\/wp-content\/uploads\/2024\/11\/Untitled-design.png","contentUrl":"https:\/\/nembutalman.com\/wp-content\/uploads\/2024\/11\/Untitled-design.png","width":650,"height":250,"caption":"Nembutal Mann"},"image":{"@id":"https:\/\/nembutalman.com\/#\/schema\/logo\/image\/"}},{"@type":"Person","@id":"https:\/\/nembutalman.com\/#\/schema\/person\/0c2afe127adddd50574d27e64deb4019","name":"Lorenz Klein","image":{"@type":"ImageObject","inLanguage":"hu","@id":"https:\/\/secure.gravatar.com\/avatar\/7af1fe498d274c1ee9175f77558cd109a351851212bafb698ebc6793ba745122?s=96&d=mm&r=g","url":"https:\/\/secure.gravatar.com\/avatar\/7af1fe498d274c1ee9175f77558cd109a351851212bafb698ebc6793ba745122?s=96&d=mm&r=g","contentUrl":"https:\/\/secure.gravatar.com\/avatar\/7af1fe498d274c1ee9175f77558cd109a351851212bafb698ebc6793ba745122?s=96&d=mm&r=g","caption":"Lorenz Klein"},"url":"https:\/\/nembutalman.com\/hu\/author\/nembutalmann\/"}]}},"_links":{"self":[{"href":"https:\/\/nembutalman.com\/hu\/wp-json\/wp\/v2\/posts\/21184","targetHints":{"allow":["GET"]}}],"collection":[{"href":"https:\/\/nembutalman.com\/hu\/wp-json\/wp\/v2\/posts"}],"about":[{"href":"https:\/\/nembutalman.com\/hu\/wp-json\/wp\/v2\/types\/post"}],"author":[{"embeddable":true,"href":"https:\/\/nembutalman.com\/hu\/wp-json\/wp\/v2\/users\/13"}],"replies":[{"embeddable":true,"href":"https:\/\/nembutalman.com\/hu\/wp-json\/wp\/v2\/comments?post=21184"}],"version-history":[{"count":0,"href":"https:\/\/nembutalman.com\/hu\/wp-json\/wp\/v2\/posts\/21184\/revisions"}],"wp:featuredmedia":[{"embeddable":true,"href":"https:\/\/nembutalman.com\/hu\/wp-json\/wp\/v2\/media\/21185"}],"wp:attachment":[{"href":"https:\/\/nembutalman.com\/hu\/wp-json\/wp\/v2\/media?parent=21184"}],"wp:term":[{"taxonomy":"category","embeddable":true,"href":"https:\/\/nembutalman.com\/hu\/wp-json\/wp\/v2\/categories?post=21184"},{"taxonomy":"post_tag","embeddable":true,"href":"https:\/\/nembutalman.com\/hu\/wp-json\/wp\/v2\/tags?post=21184"}],"curies":[{"name":"wp","href":"https:\/\/api.w.org\/{rel}","templated":true}]}}