{"id":21184,"date":"2024-11-11T16:55:00","date_gmt":"2024-11-11T16:55:00","guid":{"rendered":"https:\/\/nembutalman.com\/?p=21184"},"modified":"2025-01-04T16:57:11","modified_gmt":"2025-01-04T16:57:11","slug":"er-selvmord-straffbart","status":"publish","type":"post","link":"https:\/\/nembutalman.com\/nb\/er-selvmord-straffbart\/","title":{"rendered":"Er selvmord straffbart? Forst\u00e5else av de juridiske og etiske perspektivene"},"content":{"rendered":"<p class=\"has-black-color has-text-color has-link-color wp-elements-8f3f83c53d6ab6065cde34b89f688bc0\" style=\"font-size:16px\">Sp\u00f8rsm\u00e5let, <strong>\"Er selvmord straffbart?\"<\/strong> er et sp\u00f8rsm\u00e5l som vekker dype juridiske, etiske og kulturelle overveielser. Rundt om i verden varierer lovene om selvmord, formet av ulike samfunnsholdninger og historiske kontekster. I denne bloggen utforsker vi de globale juridiske perspektivene p\u00e5 selvmord, konsekvensene av selvmordsfors\u00f8k og den psykiske helsetjenestens rolle i forbindelse med dette f\u00f8lsomme temaet.<\/p>\n\n\n\n<h2 class=\"wp-block-heading has-text-color has-background has-link-color wp-elements-5895d7ad7e918ea9ea7b71e3dedf2ec9\" id=\"h-understanding-the-legal-status-of-suicide\" style=\"color:#c1d43a;background-color:#225238\">Forst\u00e5 den juridiske statusen til selvmord<\/h2>\n\n\n\n<p class=\"has-text-color has-link-color wp-elements-a7f46d904d5a96e17db48eaafa9ec732\" style=\"color:#225238;font-size:20px\"><strong>1. Selvmord og loven<\/strong><\/p>\n\n\n\n<p class=\"has-black-color has-text-color has-link-color wp-elements-306487281a4235231206ff7e10b42f61\" style=\"font-size:16px\">I de fleste land i dag, <strong>Selvmord i seg selv er ikke ansett som en forbrytelse.<\/strong> Dette har imidlertid ikke alltid v\u00e6rt tilfelle. Historisk sett var selvmord ofte kriminalisert, noe som fikk alvorlige konsekvenser for den enkelte og deres familier.<\/p>\n\n\n\n<ul class=\"wp-block-list\">\n<li class=\"has-black-color has-text-color has-link-color wp-elements-e1800ad56b8b520dcc47bfb60296806a\" style=\"font-size:16px\"><strong>Land der selvmord ikke er straffbart<\/strong>:<br>Mange nasjoner, som f.eks. <strong>USA<\/strong>, <strong>Storbritannia<\/strong>, <strong>Canada<\/strong>, og de fleste av <strong>Europa<\/strong>I Norge er selvmord eller selvmordsfors\u00f8k ikke lenger straffbart. Fokuset i disse regionene har flyttet seg til psykisk helsehjelp og forebygging.<\/li>\n\n\n\n<li class=\"has-black-color has-text-color has-link-color wp-elements-ad51cc6caf02dd84fd91c7241e6d53e4\" style=\"font-size:16px\"><strong>Land der selvmord eller selvmordsfors\u00f8k er straffbart<\/strong>:<br>I noen land, inkludert <strong>Pakistan<\/strong>, <strong>Bangladesh<\/strong>, og <strong>Malaysia<\/strong>er selvmordsfors\u00f8k fortsatt ansett som en kriminell handling, som kan straffes med b\u00f8ter, fengsel eller begge deler.<\/li>\n<\/ul>\n\n\n\n<p class=\"has-text-color has-link-color wp-elements-1755473e8a2a335872eea4dbd9723d59\" style=\"color:#225238;font-size:20px\"><strong>2. Straff for selvmordsfors\u00f8k<\/strong><\/p>\n\n\n\n<p class=\"has-black-color has-text-color has-link-color wp-elements-5ac7ff765e42d12f0c4545d7f800d3c8\" style=\"font-size:16px\">N\u00e5r selvmordsfors\u00f8k kriminaliseres, er det ofte p\u00e5 grunn av historiske eller religi\u00f8se forestillinger om at selvmord er moralsk galt. Dessverre kan straffetiltak avskrekke enkeltpersoner fra \u00e5 s\u00f8ke hjelp, noe som kan forverre psykiske helseutfordringer.<\/p>\n\n\n\n<h2 class=\"wp-block-heading has-text-color has-background has-link-color wp-elements-5438d1bf38237e75ab9ace647b67c54e\" id=\"h-ethical-perspectives-on-punishing-suicide\" style=\"color:#c1d43a;background-color:#225238\">Etiske perspektiver p\u00e5 \u00e5 straffe selvmord<\/h2>\n\n\n\n<figure class=\"wp-block-image size-large\"><img fetchpriority=\"high\" decoding=\"async\" width=\"800\" height=\"800\" src=\"https:\/\/nembutalman.com\/wp-content\/uploads\/2025\/01\/blog3-800x800.webp\" alt=\"Er selvmord straffbart\" class=\"wp-image-21186\" srcset=\"https:\/\/nembutalman.com\/wp-content\/uploads\/2025\/01\/blog3-800x800.webp 800w, https:\/\/nembutalman.com\/wp-content\/uploads\/2025\/01\/blog3-300x300.webp 300w, https:\/\/nembutalman.com\/wp-content\/uploads\/2025\/01\/blog3-150x150.webp 150w, https:\/\/nembutalman.com\/wp-content\/uploads\/2025\/01\/blog3-768x768.webp 768w, https:\/\/nembutalman.com\/wp-content\/uploads\/2025\/01\/blog3-430x430.webp 430w, https:\/\/nembutalman.com\/wp-content\/uploads\/2025\/01\/blog3-700x700.webp 700w, https:\/\/nembutalman.com\/wp-content\/uploads\/2025\/01\/blog3.webp 1024w\" sizes=\"(max-width: 800px) 100vw, 800px\" \/><\/figure>\n\n\n\n<p class=\"has-text-color has-link-color wp-elements-8b7c8489739c40574b63b818c95c01c4\" style=\"color:#225238;font-size:20px\"><strong>1. Et skifte mot medf\u00f8lelse<\/strong><\/p>\n\n\n\n<p class=\"has-black-color has-text-color has-link-color wp-elements-d53de05ce2900d2886a32a71c34bef81\" style=\"font-size:16px\">Straff for selvmord har blitt mye kritisert av forkjempere for psykisk helse, som hevder at det<\/p>\n\n\n\n<ul class=\"wp-block-list\">\n<li class=\"has-black-color has-text-color has-link-color wp-elements-ab360714e7bfd248eb71ffa805171891\" style=\"font-size:16px\">Selvmordsfors\u00f8k er ofte et resultat av <strong>psykiske kriser<\/strong>.<\/li>\n\n\n\n<li class=\"has-black-color has-text-color has-link-color wp-elements-8a1b8b6f5739bf58b9afb708c135d72b\" style=\"font-size:16px\"><strong>St\u00f8tte og intervensjon<\/strong>ikke straff, er n\u00f8dvendig for \u00e5 l\u00f8se underliggende problemer som depresjon, angst eller traumer.<\/li>\n<\/ul>\n\n\n\n<p class=\"has-text-color has-link-color wp-elements-adcb18568a0e6ec36023fc8fda856129\" style=\"color:#225238;font-size:20px\"><strong>2. Samfunnsansvar<\/strong><\/p>\n\n\n\n<p class=\"has-black-color has-text-color has-link-color wp-elements-c092acc6734c202af2b2d19f730b797d\" style=\"font-size:16px\">Mange mener at myndigheter og samfunn b\u00f8r fokusere p\u00e5 \u00e5 tilby tilgjengelig psykisk helsehjelp, redusere stigmatisering og skape st\u00f8ttende milj\u00f8er for \u00e5 forebygge selvmord, i stedet for \u00e5 straffe personer i n\u00f8d.<\/p>\n\n\n\n<h2 class=\"wp-block-heading has-text-color has-background has-link-color wp-elements-6aed4a75bfef61c682b8e82f343d5fc4\" id=\"h-global-trends-in-suicide-prevention\" style=\"color:#c1d43a;background-color:#225238\"><strong>Globale trender innen selvmordsforebygging<\/strong><\/h2>\n\n\n\n<p class=\"has-black-color has-text-color has-link-color wp-elements-b554e845c04ed1432b41d44957b9ef7b\" style=\"font-size:16px\">De siste \u00e5rene har det v\u00e6rt en \u00f8kende erkjennelse av betydningen av psykisk helse:<\/p>\n\n\n\n<ul class=\"wp-block-list\">\n<li class=\"has-black-color has-text-color has-link-color wp-elements-9b714aa8a8970c871d6834637dbfbde2\" style=\"font-size:16px\"><strong>Arbeidet med avkriminalisering<\/strong>: Land som <strong>India<\/strong> har opphevet lover som kriminaliserte selvmord, og i stedet fokusert p\u00e5 forebygging og psykisk helsehjelp.<\/li>\n\n\n\n<li class=\"has-black-color has-text-color has-link-color wp-elements-758025d3e616feb7aba1768e664084c5\" style=\"font-size:16px\"><strong>Bevissthetskampanjer<\/strong>: Organisasjoner som <strong>Verdens helseorganisasjon (WHO)<\/strong> legge vekt p\u00e5 folkeopplysning om selvmordsforebygging.<\/li>\n\n\n\n<li class=\"has-black-color has-text-color has-link-color wp-elements-ac3dd46b86ee6c04b42d7d7167a0c77f\" style=\"font-size:16px\"><strong>Hjelpelinjer og r\u00e5dgivningstjenester<\/strong>: Mange land har opprettet gratis d\u00f8gn\u00e5pne hjelpetelefoner for \u00e5 gi \u00f8yeblikkelig st\u00f8tte til personer i krise.<\/li>\n<\/ul>\n\n\n\n<h2 class=\"wp-block-heading has-text-color has-background has-link-color wp-elements-d0c9a690e7cd364e1b5efa36253c751e\" id=\"h-key-takeaways-is-suicide-punishable\" style=\"color:#c1d43a;background-color:#225238\"><strong><strong>Viktige l\u00e6ringspunkter: Er selvmord straffbart?<\/strong><\/strong><\/h2>\n\n\n\n<ul class=\"wp-block-list\">\n<li class=\"has-black-color has-text-color has-link-color wp-elements-8b53b3530f7eea6ebc264c0f214bb51a\" style=\"font-size:16px\"><strong>Direkte svar<\/strong>: I de fleste land er selvmord ikke straffbart. I noen land kan selvmordsfors\u00f8k likevel f\u00e5 rettslige konsekvenser.<\/li>\n\n\n\n<li class=\"has-black-color has-text-color has-link-color wp-elements-f8691b59d464f4972be94d8f13983f24\" style=\"font-size:16px\"><strong>Global trend<\/strong>: Utviklingen g\u00e5r i retning av medmenneskelighet, psykisk helsehjelp og forebygging, snarere enn straff.<\/li>\n<\/ul>\n\n\n\n<figure class=\"wp-block-embed is-type-video is-provider-youtube wp-block-embed-youtube wp-embed-aspect-16-9 wp-has-aspect-ratio\"><div class=\"wp-block-embed__wrapper\">\n<iframe title=\"Landene der selvmord er ulovlig: Loven vs psykisk helse\" width=\"500\" height=\"281\" src=\"https:\/\/www.youtube.com\/embed\/Qd22684nkdI?feature=oembed\" frameborder=\"0\" allow=\"accelerometer; autoplay; clipboard-write; encrypted-media; gyroscope; picture-in-picture; web-share\" referrerpolicy=\"strict-origin-when-cross-origin\" allowfullscreen><\/iframe>\n<\/div><\/figure>\n\n\n\n<h2 class=\"wp-block-heading has-text-color has-background has-link-color wp-elements-360e0b196f80c436761b60f545abe0e9\" id=\"h-what-to-do-if-you-or-someone-you-know-is-struggling\" style=\"color:#c1d43a;background-color:#225238\"><strong><strong><strong>Hva du kan gj\u00f8re hvis du eller noen du kjenner sliter<\/strong><\/strong><\/strong><\/h2>\n\n\n\n<p class=\"has-black-color has-text-color has-link-color wp-elements-1e97a5f5b21d0e45171322f219972fa0\" style=\"font-size:16px\">Hvis du eller noen du kjenner har selvmordstanker, ber vi deg be om hjelp. Det finnes ressurser tilgjengelig:<\/p>\n\n\n\n<ul class=\"wp-block-list\">\n<li class=\"has-black-color has-text-color has-link-color wp-elements-ecf5d5e8dad87abded3efe68190f9034\" style=\"font-size:16px\"><strong><a href=\"https:\/\/chat.988lifeline.org\/\">Kontakt en hjelpelinje<\/a><\/strong>: Mange land har selvmordsforebyggende hotlines som tilbyr konfidensiell st\u00f8tte.<\/li>\n\n\n\n<li class=\"has-black-color has-text-color has-link-color wp-elements-c18dea4f830d84846c9144c315b2a9df\" style=\"font-size:16px\"><strong><a href=\"https:\/\/988lifeline.org\/\">S\u00f8k profesjonell hjelp<\/a><\/strong>: Terapeuter, r\u00e5dgivere og helsepersonell kan gi deg verkt\u00f8yene du trenger for \u00e5 h\u00e5ndtere stress.<\/li>\n\n\n\n<li class=\"has-black-color has-text-color has-link-color wp-elements-dc3fc6d202e7f75023938848b19cc8f6\" style=\"font-size:16px\"><strong>Ta kontakt med dine kj\u00e6re<\/strong>: \u00c5 snakke med venner eller familiemedlemmer man stoler p\u00e5, kan gi umiddelbar emosjonell st\u00f8tte.<\/li>\n<\/ul>\n\n\n\n<hr class=\"wp-block-separator has-alpha-channel-opacity\"\/>\n\n\n\n<p class=\"has-text-color has-link-color wp-elements-9628b4f7ea31b804aaf0c8cc8a1f4bde\" style=\"color:#225238;font-size:20px\"><strong>Konklusjon<\/strong><\/p>\n\n\n\n<p class=\"has-black-color has-text-color has-link-color wp-elements-d77b8409bc40f3b494194e17c29245f3\" style=\"font-size:16px\">Sp\u00f8rsm\u00e5let, <strong>\"Er selvmord straffbart?\"<\/strong>avsl\u00f8rer et komplekst samspill mellom juridiske, etiske og samfunnsmessige faktorer. Selv om trenden globalt g\u00e5r i retning av avkriminalisering og medmenneskelighet, fortsetter arbeidet med \u00e5 avstigmatisere psykisk helse. La oss skape en verden der mennesker i n\u00f8d kan s\u00f8ke hjelp uten frykt for \u00e5 bli d\u00f8mt eller straffet.<\/p>\n\n\n\n<p class=\"has-black-color has-text-color has-link-color wp-elements-84129bf160b2c168a7efa722300b4db9\" style=\"font-size:16px\"><strong>Flere artikler:<\/strong> <a href=\"https:\/\/nembutalman.com\/nb\/hvor-kan-du-kjope-kaliumcyanid\/\">Hvor kan du kj\u00f8pe kaliumcyanid<\/a><\/p>\n\n\n\n<p><\/p>","protected":false},"excerpt":{"rendered":"<p>The question, &#8220;Is suicide punishable?&#8221; is one that evokes deep legal, ethical, and cultural considerations. Around the world, laws concerning<\/p>","protected":false},"author":13,"featured_media":21185,"comment_status":"open","ping_status":"open","sticky":false,"template":"","format":"standard","meta":{"footnotes":""},"categories":[477],"tags":[],"class_list":["post-21184","post","type-post","status-publish","format-standard","has-post-thumbnail","hentry","category-nembutal-blog"],"yoast_head":"<!-- This site is optimized with the Yoast SEO Premium plugin v24.2 (Yoast SEO v27.4) - https:\/\/yoast.com\/product\/yoast-seo-premium-wordpress\/ -->\n<title>Is Suicide Punishable? Exploring the Legal and Ethical Landscape<\/title>\n<meta name=\"description\" content=\"Discover the global perspectives on suicide, whether it\u2019s punishable by law. Learn how mental health advocacy is reshaping attitudes toward prevention.\" \/>\n<meta name=\"robots\" content=\"index, follow, max-snippet:-1, max-image-preview:large, max-video-preview:-1\" \/>\n<link rel=\"canonical\" href=\"https:\/\/nembutalman.com\/nb\/er-selvmord-straffbart\/\" \/>\n<meta property=\"og:locale\" content=\"nb_NO\" \/>\n<meta property=\"og:type\" content=\"article\" \/>\n<meta property=\"og:title\" content=\"Is Suicide Punishable? Exploring the Legal and Ethical Landscape\" \/>\n<meta property=\"og:description\" content=\"Discover the global perspectives on suicide, whether it\u2019s punishable by law. Learn how mental health advocacy is reshaping attitudes toward prevention.\" \/>\n<meta property=\"og:url\" content=\"https:\/\/nembutalman.com\/nb\/er-selvmord-straffbart\/\" \/>\n<meta property=\"og:site_name\" content=\"Nembutal Mann\" \/>\n<meta property=\"article:published_time\" content=\"2024-11-11T16:55:00+00:00\" \/>\n<meta property=\"article:modified_time\" content=\"2025-01-04T16:57:11+00:00\" \/>\n<meta property=\"og:image\" content=\"https:\/\/nembutalman.com\/wp-content\/uploads\/2025\/01\/blog2.webp\" \/>\n\t<meta property=\"og:image:width\" content=\"1024\" \/>\n\t<meta property=\"og:image:height\" content=\"1024\" \/>\n\t<meta property=\"og:image:type\" content=\"image\/webp\" \/>\n<meta name=\"author\" content=\"Lorenz Klein\" \/>\n<meta name=\"twitter:card\" content=\"summary_large_image\" \/>\n<meta name=\"twitter:title\" content=\"Is Suicide Punishable? Exploring the Legal and Ethical Landscape\" \/>\n<meta name=\"twitter:description\" content=\"Discover the global perspectives on suicide, whether it\u2019s punishable by law. Learn how mental health advocacy is reshaping attitudes toward prevention.\" \/>\n<meta name=\"twitter:label1\" content=\"Skrevet av\" \/>\n\t<meta name=\"twitter:data1\" content=\"Lorenz Klein\" \/>\n\t<meta name=\"twitter:label2\" content=\"Ansl. lesetid\" \/>\n\t<meta name=\"twitter:data2\" content=\"3 minutter\" \/>\n<script type=\"application\/ld+json\" class=\"yoast-schema-graph\">{\"@context\":\"https:\\\/\\\/schema.org\",\"@graph\":[{\"@type\":\"Article\",\"@id\":\"https:\\\/\\\/nembutalman.com\\\/is-suicide-punishable\\\/#article\",\"isPartOf\":{\"@id\":\"https:\\\/\\\/nembutalman.com\\\/is-suicide-punishable\\\/\"},\"author\":{\"name\":\"Lorenz Klein\",\"@id\":\"https:\\\/\\\/nembutalman.com\\\/#\\\/schema\\\/person\\\/0c2afe127adddd50574d27e64deb4019\"},\"headline\":\"Is Suicide Punishable? Understanding the Legal and Ethical Perspectives\",\"datePublished\":\"2024-11-11T16:55:00+00:00\",\"dateModified\":\"2025-01-04T16:57:11+00:00\",\"mainEntityOfPage\":{\"@id\":\"https:\\\/\\\/nembutalman.com\\\/is-suicide-punishable\\\/\"},\"wordCount\":550,\"commentCount\":0,\"publisher\":{\"@id\":\"https:\\\/\\\/nembutalman.com\\\/#organization\"},\"image\":{\"@id\":\"https:\\\/\\\/nembutalman.com\\\/is-suicide-punishable\\\/#primaryimage\"},\"thumbnailUrl\":\"https:\\\/\\\/nembutalman.com\\\/wp-content\\\/uploads\\\/2025\\\/01\\\/blog2.webp\",\"articleSection\":[\"Nembutal Blog\"],\"inLanguage\":\"nb-NO\",\"potentialAction\":[{\"@type\":\"CommentAction\",\"name\":\"Comment\",\"target\":[\"https:\\\/\\\/nembutalman.com\\\/is-suicide-punishable\\\/#respond\"]}]},{\"@type\":\"WebPage\",\"@id\":\"https:\\\/\\\/nembutalman.com\\\/is-suicide-punishable\\\/\",\"url\":\"https:\\\/\\\/nembutalman.com\\\/is-suicide-punishable\\\/\",\"name\":\"Is Suicide Punishable? Exploring the Legal and Ethical Landscape\",\"isPartOf\":{\"@id\":\"https:\\\/\\\/nembutalman.com\\\/#website\"},\"primaryImageOfPage\":{\"@id\":\"https:\\\/\\\/nembutalman.com\\\/is-suicide-punishable\\\/#primaryimage\"},\"image\":{\"@id\":\"https:\\\/\\\/nembutalman.com\\\/is-suicide-punishable\\\/#primaryimage\"},\"thumbnailUrl\":\"https:\\\/\\\/nembutalman.com\\\/wp-content\\\/uploads\\\/2025\\\/01\\\/blog2.webp\",\"datePublished\":\"2024-11-11T16:55:00+00:00\",\"dateModified\":\"2025-01-04T16:57:11+00:00\",\"description\":\"Discover the global perspectives on suicide, whether it\u2019s punishable by law. Learn how mental health advocacy is reshaping attitudes toward prevention.\",\"breadcrumb\":{\"@id\":\"https:\\\/\\\/nembutalman.com\\\/is-suicide-punishable\\\/#breadcrumb\"},\"inLanguage\":\"nb-NO\",\"potentialAction\":[{\"@type\":\"ReadAction\",\"target\":[\"https:\\\/\\\/nembutalman.com\\\/is-suicide-punishable\\\/\"]}]},{\"@type\":\"ImageObject\",\"inLanguage\":\"nb-NO\",\"@id\":\"https:\\\/\\\/nembutalman.com\\\/is-suicide-punishable\\\/#primaryimage\",\"url\":\"https:\\\/\\\/nembutalman.com\\\/wp-content\\\/uploads\\\/2025\\\/01\\\/blog2.webp\",\"contentUrl\":\"https:\\\/\\\/nembutalman.com\\\/wp-content\\\/uploads\\\/2025\\\/01\\\/blog2.webp\",\"width\":1024,\"height\":1024,\"caption\":\"is suicide punishable\"},{\"@type\":\"BreadcrumbList\",\"@id\":\"https:\\\/\\\/nembutalman.com\\\/is-suicide-punishable\\\/#breadcrumb\",\"itemListElement\":[{\"@type\":\"ListItem\",\"position\":1,\"name\":\"Home\",\"item\":\"https:\\\/\\\/nembutalman.com\\\/\"},{\"@type\":\"ListItem\",\"position\":2,\"name\":\"Is Suicide Punishable? Understanding the Legal and Ethical Perspectives\"}]},{\"@type\":\"WebSite\",\"@id\":\"https:\\\/\\\/nembutalman.com\\\/#website\",\"url\":\"https:\\\/\\\/nembutalman.com\\\/\",\"name\":\"Nembutal Mann\",\"description\":\"Nembutal Kaufen Deutschland\",\"publisher\":{\"@id\":\"https:\\\/\\\/nembutalman.com\\\/#organization\"},\"potentialAction\":[{\"@type\":\"SearchAction\",\"target\":{\"@type\":\"EntryPoint\",\"urlTemplate\":\"https:\\\/\\\/nembutalman.com\\\/?s={search_term_string}\"},\"query-input\":{\"@type\":\"PropertyValueSpecification\",\"valueRequired\":true,\"valueName\":\"search_term_string\"}}],\"inLanguage\":\"nb-NO\"},{\"@type\":\"Organization\",\"@id\":\"https:\\\/\\\/nembutalman.com\\\/#organization\",\"name\":\"Nembutal Mann\",\"url\":\"https:\\\/\\\/nembutalman.com\\\/\",\"logo\":{\"@type\":\"ImageObject\",\"inLanguage\":\"nb-NO\",\"@id\":\"https:\\\/\\\/nembutalman.com\\\/#\\\/schema\\\/logo\\\/image\\\/\",\"url\":\"https:\\\/\\\/nembutalman.com\\\/wp-content\\\/uploads\\\/2024\\\/11\\\/Untitled-design.png\",\"contentUrl\":\"https:\\\/\\\/nembutalman.com\\\/wp-content\\\/uploads\\\/2024\\\/11\\\/Untitled-design.png\",\"width\":650,\"height\":250,\"caption\":\"Nembutal Mann\"},\"image\":{\"@id\":\"https:\\\/\\\/nembutalman.com\\\/#\\\/schema\\\/logo\\\/image\\\/\"}},{\"@type\":\"Person\",\"@id\":\"https:\\\/\\\/nembutalman.com\\\/#\\\/schema\\\/person\\\/0c2afe127adddd50574d27e64deb4019\",\"name\":\"Lorenz Klein\",\"image\":{\"@type\":\"ImageObject\",\"inLanguage\":\"nb-NO\",\"@id\":\"https:\\\/\\\/secure.gravatar.com\\\/avatar\\\/7af1fe498d274c1ee9175f77558cd109a351851212bafb698ebc6793ba745122?s=96&d=mm&r=g\",\"url\":\"https:\\\/\\\/secure.gravatar.com\\\/avatar\\\/7af1fe498d274c1ee9175f77558cd109a351851212bafb698ebc6793ba745122?s=96&d=mm&r=g\",\"contentUrl\":\"https:\\\/\\\/secure.gravatar.com\\\/avatar\\\/7af1fe498d274c1ee9175f77558cd109a351851212bafb698ebc6793ba745122?s=96&d=mm&r=g\",\"caption\":\"Lorenz Klein\"},\"url\":\"https:\\\/\\\/nembutalman.com\\\/nb\\\/author\\\/nembutalmann\\\/\"}]}<\/script>\n<!-- \/ Yoast SEO Premium plugin. -->","yoast_head_json":{"title":"Er selvmord straffbart? Utforsking av det juridiske og etiske landskapet","description":"Oppdag de globale perspektivene p\u00e5 selvmord, og om det er straffbart. Finn ut hvordan arbeid for psykisk helse endrer holdningene til forebygging.","robots":{"index":"index","follow":"follow","max-snippet":"max-snippet:-1","max-image-preview":"max-image-preview:large","max-video-preview":"max-video-preview:-1"},"canonical":"https:\/\/nembutalman.com\/nb\/er-selvmord-straffbart\/","og_locale":"nb_NO","og_type":"article","og_title":"Is Suicide Punishable? Exploring the Legal and Ethical Landscape","og_description":"Discover the global perspectives on suicide, whether it\u2019s punishable by law. Learn how mental health advocacy is reshaping attitudes toward prevention.","og_url":"https:\/\/nembutalman.com\/nb\/er-selvmord-straffbart\/","og_site_name":"Nembutal Mann","article_published_time":"2024-11-11T16:55:00+00:00","article_modified_time":"2025-01-04T16:57:11+00:00","og_image":[{"width":1024,"height":1024,"url":"https:\/\/nembutalman.com\/wp-content\/uploads\/2025\/01\/blog2.webp","type":"image\/webp"}],"author":"Lorenz Klein","twitter_card":"summary_large_image","twitter_title":"Is Suicide Punishable? Exploring the Legal and Ethical Landscape","twitter_description":"Discover the global perspectives on suicide, whether it\u2019s punishable by law. Learn how mental health advocacy is reshaping attitudes toward prevention.","twitter_misc":{"Skrevet av":"Lorenz Klein","Ansl. lesetid":"3 minutter"},"schema":{"@context":"https:\/\/schema.org","@graph":[{"@type":"Article","@id":"https:\/\/nembutalman.com\/is-suicide-punishable\/#article","isPartOf":{"@id":"https:\/\/nembutalman.com\/is-suicide-punishable\/"},"author":{"name":"Lorenz Klein","@id":"https:\/\/nembutalman.com\/#\/schema\/person\/0c2afe127adddd50574d27e64deb4019"},"headline":"Is Suicide Punishable? Understanding the Legal and Ethical Perspectives","datePublished":"2024-11-11T16:55:00+00:00","dateModified":"2025-01-04T16:57:11+00:00","mainEntityOfPage":{"@id":"https:\/\/nembutalman.com\/is-suicide-punishable\/"},"wordCount":550,"commentCount":0,"publisher":{"@id":"https:\/\/nembutalman.com\/#organization"},"image":{"@id":"https:\/\/nembutalman.com\/is-suicide-punishable\/#primaryimage"},"thumbnailUrl":"https:\/\/nembutalman.com\/wp-content\/uploads\/2025\/01\/blog2.webp","articleSection":["Nembutal Blog"],"inLanguage":"nb-NO","potentialAction":[{"@type":"CommentAction","name":"Comment","target":["https:\/\/nembutalman.com\/is-suicide-punishable\/#respond"]}]},{"@type":"WebPage","@id":"https:\/\/nembutalman.com\/is-suicide-punishable\/","url":"https:\/\/nembutalman.com\/is-suicide-punishable\/","name":"Er selvmord straffbart? Utforsking av det juridiske og etiske landskapet","isPartOf":{"@id":"https:\/\/nembutalman.com\/#website"},"primaryImageOfPage":{"@id":"https:\/\/nembutalman.com\/is-suicide-punishable\/#primaryimage"},"image":{"@id":"https:\/\/nembutalman.com\/is-suicide-punishable\/#primaryimage"},"thumbnailUrl":"https:\/\/nembutalman.com\/wp-content\/uploads\/2025\/01\/blog2.webp","datePublished":"2024-11-11T16:55:00+00:00","dateModified":"2025-01-04T16:57:11+00:00","description":"Oppdag de globale perspektivene p\u00e5 selvmord, og om det er straffbart. Finn ut hvordan arbeid for psykisk helse endrer holdningene til forebygging.","breadcrumb":{"@id":"https:\/\/nembutalman.com\/is-suicide-punishable\/#breadcrumb"},"inLanguage":"nb-NO","potentialAction":[{"@type":"ReadAction","target":["https:\/\/nembutalman.com\/is-suicide-punishable\/"]}]},{"@type":"ImageObject","inLanguage":"nb-NO","@id":"https:\/\/nembutalman.com\/is-suicide-punishable\/#primaryimage","url":"https:\/\/nembutalman.com\/wp-content\/uploads\/2025\/01\/blog2.webp","contentUrl":"https:\/\/nembutalman.com\/wp-content\/uploads\/2025\/01\/blog2.webp","width":1024,"height":1024,"caption":"is suicide punishable"},{"@type":"BreadcrumbList","@id":"https:\/\/nembutalman.com\/is-suicide-punishable\/#breadcrumb","itemListElement":[{"@type":"ListItem","position":1,"name":"Home","item":"https:\/\/nembutalman.com\/"},{"@type":"ListItem","position":2,"name":"Is Suicide Punishable? Understanding the Legal and Ethical Perspectives"}]},{"@type":"WebSite","@id":"https:\/\/nembutalman.com\/#website","url":"https:\/\/nembutalman.com\/","name":"Hos Nembutal Mann","description":"Nembutal Kaufen Deutschland","publisher":{"@id":"https:\/\/nembutalman.com\/#organization"},"potentialAction":[{"@type":"SearchAction","target":{"@type":"EntryPoint","urlTemplate":"https:\/\/nembutalman.com\/?s={search_term_string}"},"query-input":{"@type":"PropertyValueSpecification","valueRequired":true,"valueName":"search_term_string"}}],"inLanguage":"nb-NO"},{"@type":"Organization","@id":"https:\/\/nembutalman.com\/#organization","name":"Hos Nembutal Mann","url":"https:\/\/nembutalman.com\/","logo":{"@type":"ImageObject","inLanguage":"nb-NO","@id":"https:\/\/nembutalman.com\/#\/schema\/logo\/image\/","url":"https:\/\/nembutalman.com\/wp-content\/uploads\/2024\/11\/Untitled-design.png","contentUrl":"https:\/\/nembutalman.com\/wp-content\/uploads\/2024\/11\/Untitled-design.png","width":650,"height":250,"caption":"Nembutal Mann"},"image":{"@id":"https:\/\/nembutalman.com\/#\/schema\/logo\/image\/"}},{"@type":"Person","@id":"https:\/\/nembutalman.com\/#\/schema\/person\/0c2afe127adddd50574d27e64deb4019","name":"Lorenz Klein","image":{"@type":"ImageObject","inLanguage":"nb-NO","@id":"https:\/\/secure.gravatar.com\/avatar\/7af1fe498d274c1ee9175f77558cd109a351851212bafb698ebc6793ba745122?s=96&d=mm&r=g","url":"https:\/\/secure.gravatar.com\/avatar\/7af1fe498d274c1ee9175f77558cd109a351851212bafb698ebc6793ba745122?s=96&d=mm&r=g","contentUrl":"https:\/\/secure.gravatar.com\/avatar\/7af1fe498d274c1ee9175f77558cd109a351851212bafb698ebc6793ba745122?s=96&d=mm&r=g","caption":"Lorenz Klein"},"url":"https:\/\/nembutalman.com\/nb\/author\/nembutalmann\/"}]}},"_links":{"self":[{"href":"https:\/\/nembutalman.com\/nb\/wp-json\/wp\/v2\/posts\/21184","targetHints":{"allow":["GET"]}}],"collection":[{"href":"https:\/\/nembutalman.com\/nb\/wp-json\/wp\/v2\/posts"}],"about":[{"href":"https:\/\/nembutalman.com\/nb\/wp-json\/wp\/v2\/types\/post"}],"author":[{"embeddable":true,"href":"https:\/\/nembutalman.com\/nb\/wp-json\/wp\/v2\/users\/13"}],"replies":[{"embeddable":true,"href":"https:\/\/nembutalman.com\/nb\/wp-json\/wp\/v2\/comments?post=21184"}],"version-history":[{"count":0,"href":"https:\/\/nembutalman.com\/nb\/wp-json\/wp\/v2\/posts\/21184\/revisions"}],"wp:featuredmedia":[{"embeddable":true,"href":"https:\/\/nembutalman.com\/nb\/wp-json\/wp\/v2\/media\/21185"}],"wp:attachment":[{"href":"https:\/\/nembutalman.com\/nb\/wp-json\/wp\/v2\/media?parent=21184"}],"wp:term":[{"taxonomy":"category","embeddable":true,"href":"https:\/\/nembutalman.com\/nb\/wp-json\/wp\/v2\/categories?post=21184"},{"taxonomy":"post_tag","embeddable":true,"href":"https:\/\/nembutalman.com\/nb\/wp-json\/wp\/v2\/tags?post=21184"}],"curies":[{"name":"wp","href":"https:\/\/api.w.org\/{rel}","templated":true}]}}