{"id":21184,"date":"2024-11-11T16:55:00","date_gmt":"2024-11-11T16:55:00","guid":{"rendered":"https:\/\/nembutalman.com\/?p=21184"},"modified":"2025-01-04T16:57:11","modified_gmt":"2025-01-04T16:57:11","slug":"ar-sjalvmord-straffbart","status":"publish","type":"post","link":"https:\/\/nembutalman.com\/sv\/ar-sjalvmord-straffbart\/","title":{"rendered":"\u00c4r sj\u00e4lvmord straffbart? F\u00f6rst\u00e5else av de juridiska och etiska perspektiven"},"content":{"rendered":"<p class=\"has-black-color has-text-color has-link-color wp-elements-8f3f83c53d6ab6065cde34b89f688bc0\" style=\"font-size:16px\">Fr\u00e5gan \u00e4r.., <strong>\"\u00c4r sj\u00e4lvmord straffbart?\"<\/strong> \u00e4r en fr\u00e5ga som v\u00e4cker djupa juridiska, etiska och kulturella \u00f6verv\u00e4ganden. Runt om i v\u00e4rlden finns det olika lagar om sj\u00e4lvmord, formade av olika samh\u00e4lleliga attityder och historiska kontexter. I den h\u00e4r bloggen kommer vi att utforska de globala juridiska perspektiven p\u00e5 sj\u00e4lvmord, konsekvenserna av sj\u00e4lvmordsf\u00f6rs\u00f6k och den psykiska h\u00e4lsans roll i detta k\u00e4nsliga \u00e4mne.<\/p>\n\n\n\n<h2 class=\"wp-block-heading has-text-color has-background has-link-color wp-elements-5895d7ad7e918ea9ea7b71e3dedf2ec9\" id=\"h-understanding-the-legal-status-of-suicide\" style=\"color:#c1d43a;background-color:#225238\">F\u00f6rst\u00e5 den r\u00e4ttsliga statusen f\u00f6r sj\u00e4lvmord<\/h2>\n\n\n\n<p class=\"has-text-color has-link-color wp-elements-a7f46d904d5a96e17db48eaafa9ec732\" style=\"color:#225238;font-size:20px\"><strong>1. Sj\u00e4lvmord och juridik<\/strong><\/p>\n\n\n\n<p class=\"has-black-color has-text-color has-link-color wp-elements-306487281a4235231206ff7e10b42f61\" style=\"font-size:16px\">I de flesta l\u00e4nder idag, <strong>Sj\u00e4lvmord i sig betraktas inte som ett brott.<\/strong> S\u00e5 har det dock inte alltid varit. Historiskt sett har sj\u00e4lvmord ofta varit kriminaliserat, vilket har f\u00e5tt allvarliga konsekvenser f\u00f6r enskilda personer och deras familjer.<\/p>\n\n\n\n<ul class=\"wp-block-list\">\n<li class=\"has-black-color has-text-color has-link-color wp-elements-e1800ad56b8b520dcc47bfb60296806a\" style=\"font-size:16px\"><strong>L\u00e4nder d\u00e4r sj\u00e4lvmord inte \u00e4r ett brott<\/strong>:<br>M\u00e5nga nationer, som till exempel <strong>F\u00f6renta staterna<\/strong>, <strong>F\u00f6renade kungariket<\/strong>, <strong>Kanada<\/strong>och de flesta av <strong>Europa<\/strong>, anser inte l\u00e4ngre att sj\u00e4lvmord eller sj\u00e4lvmordsf\u00f6rs\u00f6k \u00e4r straffbart. Fokus i dessa regioner har flyttats till st\u00f6d f\u00f6r psykisk h\u00e4lsa och f\u00f6rebyggande \u00e5tg\u00e4rder.<\/li>\n\n\n\n<li class=\"has-black-color has-text-color has-link-color wp-elements-ad51cc6caf02dd84fd91c7241e6d53e4\" style=\"font-size:16px\"><strong>L\u00e4nder d\u00e4r sj\u00e4lvmord eller sj\u00e4lvmordsf\u00f6rs\u00f6k \u00e4r straffbart<\/strong>:<br>I vissa l\u00e4nder, d\u00e4ribland <strong>Pakistan<\/strong>, <strong>Bangladesh<\/strong>, och <strong>Malaysia<\/strong>Sj\u00e4lvmordsf\u00f6rs\u00f6k betraktas fortfarande som en kriminell handling som kan bestraffas med b\u00f6ter, f\u00e4ngelse eller b\u00e5dadera.<\/li>\n<\/ul>\n\n\n\n<p class=\"has-text-color has-link-color wp-elements-1755473e8a2a335872eea4dbd9723d59\" style=\"color:#225238;font-size:20px\"><strong>2. Straff f\u00f6r sj\u00e4lvmordsf\u00f6rs\u00f6k<\/strong><\/p>\n\n\n\n<p class=\"has-black-color has-text-color has-link-color wp-elements-5ac7ff765e42d12f0c4545d7f800d3c8\" style=\"font-size:16px\">N\u00e4r lagar kriminaliserar sj\u00e4lvmordsf\u00f6rs\u00f6k har de ofta sitt ursprung i historiska eller religi\u00f6sa \u00f6vertygelser, d\u00e4r sj\u00e4lvmord ses som moraliskt fel. Tyv\u00e4rr kan straff\u00e5tg\u00e4rder avskr\u00e4cka individer fr\u00e5n att s\u00f6ka hj\u00e4lp, vilket f\u00f6rv\u00e4rrar psykiska utmaningar.<\/p>\n\n\n\n<h2 class=\"wp-block-heading has-text-color has-background has-link-color wp-elements-5438d1bf38237e75ab9ace647b67c54e\" id=\"h-ethical-perspectives-on-punishing-suicide\" style=\"color:#c1d43a;background-color:#225238\">Etiska perspektiv p\u00e5 bestraffning av sj\u00e4lvmord<\/h2>\n\n\n\n<figure class=\"wp-block-image size-large\"><img fetchpriority=\"high\" decoding=\"async\" width=\"800\" height=\"800\" src=\"https:\/\/nembutalman.com\/wp-content\/uploads\/2025\/01\/blog3-800x800.webp\" alt=\"\u00c4r sj\u00e4lvmord straffbart?\" class=\"wp-image-21186\" srcset=\"https:\/\/nembutalman.com\/wp-content\/uploads\/2025\/01\/blog3-800x800.webp 800w, https:\/\/nembutalman.com\/wp-content\/uploads\/2025\/01\/blog3-300x300.webp 300w, https:\/\/nembutalman.com\/wp-content\/uploads\/2025\/01\/blog3-150x150.webp 150w, https:\/\/nembutalman.com\/wp-content\/uploads\/2025\/01\/blog3-768x768.webp 768w, https:\/\/nembutalman.com\/wp-content\/uploads\/2025\/01\/blog3-430x430.webp 430w, https:\/\/nembutalman.com\/wp-content\/uploads\/2025\/01\/blog3-700x700.webp 700w, https:\/\/nembutalman.com\/wp-content\/uploads\/2025\/01\/blog3.webp 1024w\" sizes=\"(max-width: 800px) 100vw, 800px\" \/><\/figure>\n\n\n\n<p class=\"has-text-color has-link-color wp-elements-8b7c8489739c40574b63b818c95c01c4\" style=\"color:#225238;font-size:20px\"><strong>1. En f\u00f6r\u00e4ndring mot medk\u00e4nsla<\/strong><\/p>\n\n\n\n<p class=\"has-black-color has-text-color has-link-color wp-elements-d53de05ce2900d2886a32a71c34bef81\" style=\"font-size:16px\">Bestraffning av sj\u00e4lvmord har kritiserats av f\u00f6respr\u00e5kare f\u00f6r psykisk h\u00e4lsa som h\u00e4vdar att:<\/p>\n\n\n\n<ul class=\"wp-block-list\">\n<li class=\"has-black-color has-text-color has-link-color wp-elements-ab360714e7bfd248eb71ffa805171891\" style=\"font-size:16px\">Sj\u00e4lvmordsf\u00f6rs\u00f6k \u00e4r ofta ett resultat av <strong>kriser inom psykisk h\u00e4lsa<\/strong>.<\/li>\n\n\n\n<li class=\"has-black-color has-text-color has-link-color wp-elements-8a1b8b6f5739bf58b9afb708c135d72b\" style=\"font-size:16px\"><strong>St\u00f6d och insatser<\/strong>och inte bestraffning, beh\u00f6vs f\u00f6r att ta itu med underliggande problem som depression, \u00e5ngest eller trauma.<\/li>\n<\/ul>\n\n\n\n<p class=\"has-text-color has-link-color wp-elements-adcb18568a0e6ec36023fc8fda856129\" style=\"color:#225238;font-size:20px\"><strong>2. Samh\u00e4llsansvar<\/strong><\/p>\n\n\n\n<p class=\"has-black-color has-text-color has-link-color wp-elements-c092acc6734c202af2b2d19f730b797d\" style=\"font-size:16px\">M\u00e5nga h\u00e4vdar att regeringar och samh\u00e4llen b\u00f6r fokusera p\u00e5 att tillhandah\u00e5lla tillg\u00e4nglig mentalv\u00e5rd, minska stigmatiseringen och skapa st\u00f6djande milj\u00f6er f\u00f6r att f\u00f6rhindra sj\u00e4lvmord snarare \u00e4n att straffa individer i n\u00f6d.<\/p>\n\n\n\n<h2 class=\"wp-block-heading has-text-color has-background has-link-color wp-elements-6aed4a75bfef61c682b8e82f343d5fc4\" id=\"h-global-trends-in-suicide-prevention\" style=\"color:#c1d43a;background-color:#225238\"><strong>Globala trender inom sj\u00e4lvmordsprevention<\/strong><\/h2>\n\n\n\n<p class=\"has-black-color has-text-color has-link-color wp-elements-b554e845c04ed1432b41d44957b9ef7b\" style=\"font-size:16px\">Under de senaste \u00e5ren har det blivit allt vanligare att man erk\u00e4nner vikten av psykisk h\u00e4lsa:<\/p>\n\n\n\n<ul class=\"wp-block-list\">\n<li class=\"has-black-color has-text-color has-link-color wp-elements-9b714aa8a8970c871d6834637dbfbde2\" style=\"font-size:16px\"><strong>Avkriminaliseringsinsatser<\/strong>: L\u00e4nder som <strong>Indien<\/strong> har avskaffat lagar som kriminaliserade sj\u00e4lvmord och ist\u00e4llet fokuserat p\u00e5 f\u00f6rebyggande \u00e5tg\u00e4rder och mentalv\u00e5rd.<\/li>\n\n\n\n<li class=\"has-black-color has-text-color has-link-color wp-elements-758025d3e616feb7aba1768e664084c5\" style=\"font-size:16px\"><strong>Kampanjer f\u00f6r \u00f6kad medvetenhet<\/strong>: Organisationer som <strong>V\u00e4rldsh\u00e4lsoorganisationen (WHO)<\/strong> betona allm\u00e4n utbildning om sj\u00e4lvmordsprevention.<\/li>\n\n\n\n<li class=\"has-black-color has-text-color has-link-color wp-elements-ac3dd46b86ee6c04b42d7d7167a0c77f\" style=\"font-size:16px\"><strong>Hj\u00e4lplinjer och r\u00e5dgivningstj\u00e4nster<\/strong>: M\u00e5nga l\u00e4nder har inr\u00e4ttat kostnadsfria hj\u00e4lplinjer dygnet runt f\u00f6r att ge omedelbart st\u00f6d till personer i kris.<\/li>\n<\/ul>\n\n\n\n<h2 class=\"wp-block-heading has-text-color has-background has-link-color wp-elements-d0c9a690e7cd364e1b5efa36253c751e\" id=\"h-key-takeaways-is-suicide-punishable\" style=\"color:#c1d43a;background-color:#225238\"><strong><strong>Viktiga saker att ta med sig: \u00c4r sj\u00e4lvmord straffbart?<\/strong><\/strong><\/h2>\n\n\n\n<ul class=\"wp-block-list\">\n<li class=\"has-black-color has-text-color has-link-color wp-elements-8b53b3530f7eea6ebc264c0f214bb51a\" style=\"font-size:16px\"><strong>Direkt svar<\/strong>: I de flesta l\u00e4nder \u00e4r sj\u00e4lvmord inte straffbart. I vissa l\u00e4nder kan dock sj\u00e4lvmordsf\u00f6rs\u00f6k \u00e4nd\u00e5 leda till r\u00e4ttsliga konsekvenser.<\/li>\n\n\n\n<li class=\"has-black-color has-text-color has-link-color wp-elements-f8691b59d464f4972be94d8f13983f24\" style=\"font-size:16px\"><strong>Global trend<\/strong>: F\u00f6r\u00e4ndringen g\u00e5r mot medk\u00e4nsla, mental h\u00e4lsov\u00e5rd och f\u00f6rebyggande \u00e5tg\u00e4rder, snarare \u00e4n bestraffning.<\/li>\n<\/ul>\n\n\n\n<figure class=\"wp-block-embed is-type-video is-provider-youtube wp-block-embed-youtube wp-embed-aspect-16-9 wp-has-aspect-ratio\"><div class=\"wp-block-embed__wrapper\">\n<iframe title=\"L\u00e4nderna d\u00e4r sj\u00e4lvmord \u00e4r olagligt: Lagen vs mental h\u00e4lsa\" width=\"500\" height=\"281\" src=\"https:\/\/www.youtube.com\/embed\/Qd22684nkdI?feature=oembed\" frameborder=\"0\" allow=\"accelerometer; autoplay; clipboard-write; encrypted-media; gyroscope; picture-in-picture; web-share\" referrerpolicy=\"strict-origin-when-cross-origin\" allowfullscreen><\/iframe>\n<\/div><\/figure>\n\n\n\n<h2 class=\"wp-block-heading has-text-color has-background has-link-color wp-elements-360e0b196f80c436761b60f545abe0e9\" id=\"h-what-to-do-if-you-or-someone-you-know-is-struggling\" style=\"color:#c1d43a;background-color:#225238\"><strong><strong><strong>Vad du ska g\u00f6ra om du eller n\u00e5gon du k\u00e4nner har det sv\u00e5rt<\/strong><\/strong><\/strong><\/h2>\n\n\n\n<p class=\"has-black-color has-text-color has-link-color wp-elements-1e97a5f5b21d0e45171322f219972fa0\" style=\"font-size:16px\">Om du eller n\u00e5gon du k\u00e4nner har sj\u00e4lvmordstankar ska du s\u00f6ka hj\u00e4lp. Det finns resurser att tillg\u00e5:<\/p>\n\n\n\n<ul class=\"wp-block-list\">\n<li class=\"has-black-color has-text-color has-link-color wp-elements-ecf5d5e8dad87abded3efe68190f9034\" style=\"font-size:16px\"><strong><a href=\"https:\/\/chat.988lifeline.org\/\">Kontakta en hj\u00e4lplinje<\/a><\/strong>: M\u00e5nga l\u00e4nder har sj\u00e4lvmordsf\u00f6rebyggande hotlines som erbjuder konfidentiellt st\u00f6d.<\/li>\n\n\n\n<li class=\"has-black-color has-text-color has-link-color wp-elements-c18dea4f830d84846c9144c315b2a9df\" style=\"font-size:16px\"><strong><a href=\"https:\/\/988lifeline.org\/\">S\u00f6k professionell hj\u00e4lp<\/a><\/strong>: Terapeuter, r\u00e5dgivare och medicinsk personal kan ge verktyg f\u00f6r att hantera \u00e5ngest.<\/li>\n\n\n\n<li class=\"has-black-color has-text-color has-link-color wp-elements-dc3fc6d202e7f75023938848b19cc8f6\" style=\"font-size:16px\"><strong>N\u00e5 ut till n\u00e4ra och k\u00e4ra<\/strong>: Att prata med betrodda v\u00e4nner eller familjemedlemmar kan ge omedelbart k\u00e4nslom\u00e4ssigt st\u00f6d.<\/li>\n<\/ul>\n\n\n\n<hr class=\"wp-block-separator has-alpha-channel-opacity\"\/>\n\n\n\n<p class=\"has-text-color has-link-color wp-elements-9628b4f7ea31b804aaf0c8cc8a1f4bde\" style=\"color:#225238;font-size:20px\"><strong>Slutsats<\/strong><\/p>\n\n\n\n<p class=\"has-black-color has-text-color has-link-color wp-elements-d77b8409bc40f3b494194e17c29245f3\" style=\"font-size:16px\">Fr\u00e5gan \u00e4r.., <strong>\"\u00c4r sj\u00e4lvmord straffbart?\"<\/strong>avsl\u00f6jar ett komplext samspel mellan juridiska, etiska och samh\u00e4lleliga faktorer. \u00c4ven om den globala trenden g\u00e5r mot avkriminalisering och medk\u00e4nsla forts\u00e4tter resan mot att helt avdramatisera psykisk oh\u00e4lsa. L\u00e5t oss skapa en v\u00e4rld d\u00e4r m\u00e4nniskor i n\u00f6d kan s\u00f6ka hj\u00e4lp utan r\u00e4dsla f\u00f6r att bli d\u00f6mda eller straffade.<\/p>\n\n\n\n<p class=\"has-black-color has-text-color has-link-color wp-elements-84129bf160b2c168a7efa722300b4db9\" style=\"font-size:16px\"><strong>Fler artiklar:<\/strong> <a href=\"https:\/\/nembutalman.com\/sv\/var-kan-du-kopa-kaliumcyanid\/\">Var kan man k\u00f6pa kaliumcyanid<\/a><\/p>\n\n\n\n<p><\/p>","protected":false},"excerpt":{"rendered":"<p>The question, &#8220;Is suicide punishable?&#8221; is one that evokes deep legal, ethical, and cultural considerations. Around the world, laws concerning<\/p>","protected":false},"author":13,"featured_media":21185,"comment_status":"open","ping_status":"open","sticky":false,"template":"","format":"standard","meta":{"footnotes":""},"categories":[477],"tags":[],"class_list":["post-21184","post","type-post","status-publish","format-standard","has-post-thumbnail","hentry","category-nembutal-blog"],"yoast_head":"<!-- This site is optimized with the Yoast SEO Premium plugin v24.2 (Yoast SEO v27.5) - https:\/\/yoast.com\/product\/yoast-seo-premium-wordpress\/ -->\n<title>Is Suicide Punishable? Exploring the Legal and Ethical Landscape<\/title>\n<meta name=\"description\" content=\"Discover the global perspectives on suicide, whether it\u2019s punishable by law. Learn how mental health advocacy is reshaping attitudes toward prevention.\" \/>\n<meta name=\"robots\" content=\"index, follow, max-snippet:-1, max-image-preview:large, max-video-preview:-1\" \/>\n<link rel=\"canonical\" href=\"https:\/\/nembutalman.com\/sv\/ar-sjalvmord-straffbart\/\" \/>\n<meta property=\"og:locale\" content=\"sv_SE\" \/>\n<meta property=\"og:type\" content=\"article\" \/>\n<meta property=\"og:title\" content=\"Is Suicide Punishable? Exploring the Legal and Ethical Landscape\" \/>\n<meta property=\"og:description\" content=\"Discover the global perspectives on suicide, whether it\u2019s punishable by law. Learn how mental health advocacy is reshaping attitudes toward prevention.\" \/>\n<meta property=\"og:url\" content=\"https:\/\/nembutalman.com\/sv\/ar-sjalvmord-straffbart\/\" \/>\n<meta property=\"og:site_name\" content=\"Nembutal Mann\" \/>\n<meta property=\"article:published_time\" content=\"2024-11-11T16:55:00+00:00\" \/>\n<meta property=\"article:modified_time\" content=\"2025-01-04T16:57:11+00:00\" \/>\n<meta property=\"og:image\" content=\"https:\/\/nembutalman.com\/wp-content\/uploads\/2025\/01\/blog2.webp\" \/>\n\t<meta property=\"og:image:width\" content=\"1024\" \/>\n\t<meta property=\"og:image:height\" content=\"1024\" \/>\n\t<meta property=\"og:image:type\" content=\"image\/webp\" \/>\n<meta name=\"author\" content=\"Lorenz Klein\" \/>\n<meta name=\"twitter:card\" content=\"summary_large_image\" \/>\n<meta name=\"twitter:title\" content=\"Is Suicide Punishable? Exploring the Legal and Ethical Landscape\" \/>\n<meta name=\"twitter:description\" content=\"Discover the global perspectives on suicide, whether it\u2019s punishable by law. Learn how mental health advocacy is reshaping attitudes toward prevention.\" \/>\n<meta name=\"twitter:label1\" content=\"Skriven av\" \/>\n\t<meta name=\"twitter:data1\" content=\"Lorenz Klein\" \/>\n\t<meta name=\"twitter:label2\" content=\"Ber\u00e4knad l\u00e4stid\" \/>\n\t<meta name=\"twitter:data2\" content=\"3 minuter\" \/>\n<script type=\"application\/ld+json\" class=\"yoast-schema-graph\">{\"@context\":\"https:\\\/\\\/schema.org\",\"@graph\":[{\"@type\":\"Article\",\"@id\":\"https:\\\/\\\/nembutalman.com\\\/is-suicide-punishable\\\/#article\",\"isPartOf\":{\"@id\":\"https:\\\/\\\/nembutalman.com\\\/is-suicide-punishable\\\/\"},\"author\":{\"name\":\"Lorenz Klein\",\"@id\":\"https:\\\/\\\/nembutalman.com\\\/#\\\/schema\\\/person\\\/0c2afe127adddd50574d27e64deb4019\"},\"headline\":\"Is Suicide Punishable? Understanding the Legal and Ethical Perspectives\",\"datePublished\":\"2024-11-11T16:55:00+00:00\",\"dateModified\":\"2025-01-04T16:57:11+00:00\",\"mainEntityOfPage\":{\"@id\":\"https:\\\/\\\/nembutalman.com\\\/is-suicide-punishable\\\/\"},\"wordCount\":550,\"commentCount\":0,\"publisher\":{\"@id\":\"https:\\\/\\\/nembutalman.com\\\/#organization\"},\"image\":{\"@id\":\"https:\\\/\\\/nembutalman.com\\\/is-suicide-punishable\\\/#primaryimage\"},\"thumbnailUrl\":\"https:\\\/\\\/nembutalman.com\\\/wp-content\\\/uploads\\\/2025\\\/01\\\/blog2.webp\",\"articleSection\":[\"Nembutal Blog\"],\"inLanguage\":\"sv-SE\",\"potentialAction\":[{\"@type\":\"CommentAction\",\"name\":\"Comment\",\"target\":[\"https:\\\/\\\/nembutalman.com\\\/is-suicide-punishable\\\/#respond\"]}]},{\"@type\":\"WebPage\",\"@id\":\"https:\\\/\\\/nembutalman.com\\\/is-suicide-punishable\\\/\",\"url\":\"https:\\\/\\\/nembutalman.com\\\/is-suicide-punishable\\\/\",\"name\":\"Is Suicide Punishable? Exploring the Legal and Ethical Landscape\",\"isPartOf\":{\"@id\":\"https:\\\/\\\/nembutalman.com\\\/#website\"},\"primaryImageOfPage\":{\"@id\":\"https:\\\/\\\/nembutalman.com\\\/is-suicide-punishable\\\/#primaryimage\"},\"image\":{\"@id\":\"https:\\\/\\\/nembutalman.com\\\/is-suicide-punishable\\\/#primaryimage\"},\"thumbnailUrl\":\"https:\\\/\\\/nembutalman.com\\\/wp-content\\\/uploads\\\/2025\\\/01\\\/blog2.webp\",\"datePublished\":\"2024-11-11T16:55:00+00:00\",\"dateModified\":\"2025-01-04T16:57:11+00:00\",\"description\":\"Discover the global perspectives on suicide, whether it\u2019s punishable by law. Learn how mental health advocacy is reshaping attitudes toward prevention.\",\"breadcrumb\":{\"@id\":\"https:\\\/\\\/nembutalman.com\\\/is-suicide-punishable\\\/#breadcrumb\"},\"inLanguage\":\"sv-SE\",\"potentialAction\":[{\"@type\":\"ReadAction\",\"target\":[\"https:\\\/\\\/nembutalman.com\\\/is-suicide-punishable\\\/\"]}]},{\"@type\":\"ImageObject\",\"inLanguage\":\"sv-SE\",\"@id\":\"https:\\\/\\\/nembutalman.com\\\/is-suicide-punishable\\\/#primaryimage\",\"url\":\"https:\\\/\\\/nembutalman.com\\\/wp-content\\\/uploads\\\/2025\\\/01\\\/blog2.webp\",\"contentUrl\":\"https:\\\/\\\/nembutalman.com\\\/wp-content\\\/uploads\\\/2025\\\/01\\\/blog2.webp\",\"width\":1024,\"height\":1024,\"caption\":\"is suicide punishable\"},{\"@type\":\"BreadcrumbList\",\"@id\":\"https:\\\/\\\/nembutalman.com\\\/is-suicide-punishable\\\/#breadcrumb\",\"itemListElement\":[{\"@type\":\"ListItem\",\"position\":1,\"name\":\"Home\",\"item\":\"https:\\\/\\\/nembutalman.com\\\/\"},{\"@type\":\"ListItem\",\"position\":2,\"name\":\"Is Suicide Punishable? Understanding the Legal and Ethical Perspectives\"}]},{\"@type\":\"WebSite\",\"@id\":\"https:\\\/\\\/nembutalman.com\\\/#website\",\"url\":\"https:\\\/\\\/nembutalman.com\\\/\",\"name\":\"Nembutal Mann\",\"description\":\"Nembutal Kaufen Deutschland\",\"publisher\":{\"@id\":\"https:\\\/\\\/nembutalman.com\\\/#organization\"},\"potentialAction\":[{\"@type\":\"SearchAction\",\"target\":{\"@type\":\"EntryPoint\",\"urlTemplate\":\"https:\\\/\\\/nembutalman.com\\\/?s={search_term_string}\"},\"query-input\":{\"@type\":\"PropertyValueSpecification\",\"valueRequired\":true,\"valueName\":\"search_term_string\"}}],\"inLanguage\":\"sv-SE\"},{\"@type\":\"Organization\",\"@id\":\"https:\\\/\\\/nembutalman.com\\\/#organization\",\"name\":\"Nembutal Mann\",\"url\":\"https:\\\/\\\/nembutalman.com\\\/\",\"logo\":{\"@type\":\"ImageObject\",\"inLanguage\":\"sv-SE\",\"@id\":\"https:\\\/\\\/nembutalman.com\\\/#\\\/schema\\\/logo\\\/image\\\/\",\"url\":\"https:\\\/\\\/nembutalman.com\\\/wp-content\\\/uploads\\\/2024\\\/11\\\/Untitled-design.png\",\"contentUrl\":\"https:\\\/\\\/nembutalman.com\\\/wp-content\\\/uploads\\\/2024\\\/11\\\/Untitled-design.png\",\"width\":650,\"height\":250,\"caption\":\"Nembutal Mann\"},\"image\":{\"@id\":\"https:\\\/\\\/nembutalman.com\\\/#\\\/schema\\\/logo\\\/image\\\/\"}},{\"@type\":\"Person\",\"@id\":\"https:\\\/\\\/nembutalman.com\\\/#\\\/schema\\\/person\\\/0c2afe127adddd50574d27e64deb4019\",\"name\":\"Lorenz Klein\",\"image\":{\"@type\":\"ImageObject\",\"inLanguage\":\"sv-SE\",\"@id\":\"https:\\\/\\\/secure.gravatar.com\\\/avatar\\\/7af1fe498d274c1ee9175f77558cd109a351851212bafb698ebc6793ba745122?s=96&d=mm&r=g\",\"url\":\"https:\\\/\\\/secure.gravatar.com\\\/avatar\\\/7af1fe498d274c1ee9175f77558cd109a351851212bafb698ebc6793ba745122?s=96&d=mm&r=g\",\"contentUrl\":\"https:\\\/\\\/secure.gravatar.com\\\/avatar\\\/7af1fe498d274c1ee9175f77558cd109a351851212bafb698ebc6793ba745122?s=96&d=mm&r=g\",\"caption\":\"Lorenz Klein\"},\"url\":\"https:\\\/\\\/nembutalman.com\\\/sv\\\/author\\\/nembutalmann\\\/\"}]}<\/script>\n<!-- \/ Yoast SEO Premium plugin. -->","yoast_head_json":{"title":"\u00c4r sj\u00e4lvmord straffbart? Utforskning av det juridiska och etiska landskapet","description":"Uppt\u00e4ck de globala perspektiven p\u00e5 sj\u00e4lvmord, om det \u00e4r straffbart enligt lag. L\u00e4r dig hur f\u00f6respr\u00e5kandet av psykisk h\u00e4lsa f\u00f6r\u00e4ndrar attityderna till f\u00f6rebyggande \u00e5tg\u00e4rder.","robots":{"index":"index","follow":"follow","max-snippet":"max-snippet:-1","max-image-preview":"max-image-preview:large","max-video-preview":"max-video-preview:-1"},"canonical":"https:\/\/nembutalman.com\/sv\/ar-sjalvmord-straffbart\/","og_locale":"sv_SE","og_type":"article","og_title":"Is Suicide Punishable? Exploring the Legal and Ethical Landscape","og_description":"Discover the global perspectives on suicide, whether it\u2019s punishable by law. Learn how mental health advocacy is reshaping attitudes toward prevention.","og_url":"https:\/\/nembutalman.com\/sv\/ar-sjalvmord-straffbart\/","og_site_name":"Nembutal Mann","article_published_time":"2024-11-11T16:55:00+00:00","article_modified_time":"2025-01-04T16:57:11+00:00","og_image":[{"width":1024,"height":1024,"url":"https:\/\/nembutalman.com\/wp-content\/uploads\/2025\/01\/blog2.webp","type":"image\/webp"}],"author":"Lorenz Klein","twitter_card":"summary_large_image","twitter_title":"Is Suicide Punishable? Exploring the Legal and Ethical Landscape","twitter_description":"Discover the global perspectives on suicide, whether it\u2019s punishable by law. Learn how mental health advocacy is reshaping attitudes toward prevention.","twitter_misc":{"Skriven av":"Lorenz Klein","Ber\u00e4knad l\u00e4stid":"3 minuter"},"schema":{"@context":"https:\/\/schema.org","@graph":[{"@type":"Article","@id":"https:\/\/nembutalman.com\/is-suicide-punishable\/#article","isPartOf":{"@id":"https:\/\/nembutalman.com\/is-suicide-punishable\/"},"author":{"name":"Lorenz Klein","@id":"https:\/\/nembutalman.com\/#\/schema\/person\/0c2afe127adddd50574d27e64deb4019"},"headline":"Is Suicide Punishable? Understanding the Legal and Ethical Perspectives","datePublished":"2024-11-11T16:55:00+00:00","dateModified":"2025-01-04T16:57:11+00:00","mainEntityOfPage":{"@id":"https:\/\/nembutalman.com\/is-suicide-punishable\/"},"wordCount":550,"commentCount":0,"publisher":{"@id":"https:\/\/nembutalman.com\/#organization"},"image":{"@id":"https:\/\/nembutalman.com\/is-suicide-punishable\/#primaryimage"},"thumbnailUrl":"https:\/\/nembutalman.com\/wp-content\/uploads\/2025\/01\/blog2.webp","articleSection":["Nembutal Blog"],"inLanguage":"sv-SE","potentialAction":[{"@type":"CommentAction","name":"Comment","target":["https:\/\/nembutalman.com\/is-suicide-punishable\/#respond"]}]},{"@type":"WebPage","@id":"https:\/\/nembutalman.com\/is-suicide-punishable\/","url":"https:\/\/nembutalman.com\/is-suicide-punishable\/","name":"\u00c4r sj\u00e4lvmord straffbart? Utforskning av det juridiska och etiska landskapet","isPartOf":{"@id":"https:\/\/nembutalman.com\/#website"},"primaryImageOfPage":{"@id":"https:\/\/nembutalman.com\/is-suicide-punishable\/#primaryimage"},"image":{"@id":"https:\/\/nembutalman.com\/is-suicide-punishable\/#primaryimage"},"thumbnailUrl":"https:\/\/nembutalman.com\/wp-content\/uploads\/2025\/01\/blog2.webp","datePublished":"2024-11-11T16:55:00+00:00","dateModified":"2025-01-04T16:57:11+00:00","description":"Uppt\u00e4ck de globala perspektiven p\u00e5 sj\u00e4lvmord, om det \u00e4r straffbart enligt lag. L\u00e4r dig hur f\u00f6respr\u00e5kandet av psykisk h\u00e4lsa f\u00f6r\u00e4ndrar attityderna till f\u00f6rebyggande \u00e5tg\u00e4rder.","breadcrumb":{"@id":"https:\/\/nembutalman.com\/is-suicide-punishable\/#breadcrumb"},"inLanguage":"sv-SE","potentialAction":[{"@type":"ReadAction","target":["https:\/\/nembutalman.com\/is-suicide-punishable\/"]}]},{"@type":"ImageObject","inLanguage":"sv-SE","@id":"https:\/\/nembutalman.com\/is-suicide-punishable\/#primaryimage","url":"https:\/\/nembutalman.com\/wp-content\/uploads\/2025\/01\/blog2.webp","contentUrl":"https:\/\/nembutalman.com\/wp-content\/uploads\/2025\/01\/blog2.webp","width":1024,"height":1024,"caption":"is suicide punishable"},{"@type":"BreadcrumbList","@id":"https:\/\/nembutalman.com\/is-suicide-punishable\/#breadcrumb","itemListElement":[{"@type":"ListItem","position":1,"name":"Home","item":"https:\/\/nembutalman.com\/"},{"@type":"ListItem","position":2,"name":"Is Suicide Punishable? Understanding the Legal and Ethical Perspectives"}]},{"@type":"WebSite","@id":"https:\/\/nembutalman.com\/#website","url":"https:\/\/nembutalman.com\/","name":"Hos Nembutal Mann","description":"Nembutal Kaufen Deutschland","publisher":{"@id":"https:\/\/nembutalman.com\/#organization"},"potentialAction":[{"@type":"SearchAction","target":{"@type":"EntryPoint","urlTemplate":"https:\/\/nembutalman.com\/?s={search_term_string}"},"query-input":{"@type":"PropertyValueSpecification","valueRequired":true,"valueName":"search_term_string"}}],"inLanguage":"sv-SE"},{"@type":"Organization","@id":"https:\/\/nembutalman.com\/#organization","name":"Hos Nembutal Mann","url":"https:\/\/nembutalman.com\/","logo":{"@type":"ImageObject","inLanguage":"sv-SE","@id":"https:\/\/nembutalman.com\/#\/schema\/logo\/image\/","url":"https:\/\/nembutalman.com\/wp-content\/uploads\/2024\/11\/Untitled-design.png","contentUrl":"https:\/\/nembutalman.com\/wp-content\/uploads\/2024\/11\/Untitled-design.png","width":650,"height":250,"caption":"Nembutal Mann"},"image":{"@id":"https:\/\/nembutalman.com\/#\/schema\/logo\/image\/"}},{"@type":"Person","@id":"https:\/\/nembutalman.com\/#\/schema\/person\/0c2afe127adddd50574d27e64deb4019","name":"Lorenz Klein","image":{"@type":"ImageObject","inLanguage":"sv-SE","@id":"https:\/\/secure.gravatar.com\/avatar\/7af1fe498d274c1ee9175f77558cd109a351851212bafb698ebc6793ba745122?s=96&d=mm&r=g","url":"https:\/\/secure.gravatar.com\/avatar\/7af1fe498d274c1ee9175f77558cd109a351851212bafb698ebc6793ba745122?s=96&d=mm&r=g","contentUrl":"https:\/\/secure.gravatar.com\/avatar\/7af1fe498d274c1ee9175f77558cd109a351851212bafb698ebc6793ba745122?s=96&d=mm&r=g","caption":"Lorenz Klein"},"url":"https:\/\/nembutalman.com\/sv\/author\/nembutalmann\/"}]}},"_links":{"self":[{"href":"https:\/\/nembutalman.com\/sv\/wp-json\/wp\/v2\/posts\/21184","targetHints":{"allow":["GET"]}}],"collection":[{"href":"https:\/\/nembutalman.com\/sv\/wp-json\/wp\/v2\/posts"}],"about":[{"href":"https:\/\/nembutalman.com\/sv\/wp-json\/wp\/v2\/types\/post"}],"author":[{"embeddable":true,"href":"https:\/\/nembutalman.com\/sv\/wp-json\/wp\/v2\/users\/13"}],"replies":[{"embeddable":true,"href":"https:\/\/nembutalman.com\/sv\/wp-json\/wp\/v2\/comments?post=21184"}],"version-history":[{"count":0,"href":"https:\/\/nembutalman.com\/sv\/wp-json\/wp\/v2\/posts\/21184\/revisions"}],"wp:featuredmedia":[{"embeddable":true,"href":"https:\/\/nembutalman.com\/sv\/wp-json\/wp\/v2\/media\/21185"}],"wp:attachment":[{"href":"https:\/\/nembutalman.com\/sv\/wp-json\/wp\/v2\/media?parent=21184"}],"wp:term":[{"taxonomy":"category","embeddable":true,"href":"https:\/\/nembutalman.com\/sv\/wp-json\/wp\/v2\/categories?post=21184"},{"taxonomy":"post_tag","embeddable":true,"href":"https:\/\/nembutalman.com\/sv\/wp-json\/wp\/v2\/tags?post=21184"}],"curies":[{"name":"wp","href":"https:\/\/api.w.org\/{rel}","templated":true}]}}